
{"id":8339,"date":"2021-02-25T22:18:00","date_gmt":"2021-02-26T02:18:00","guid":{"rendered":"https:\/\/cebem.org\/?p=8339"},"modified":"2021-03-02T22:24:16","modified_gmt":"2021-03-03T02:24:16","slug":"pensamientos-de-sostenibilidad-111","status":"publish","type":"post","link":"https:\/\/cebem.org\/?p=8339","title":{"rendered":"Pensamientos de sostenibilidad 111:"},"content":{"rendered":"\n<h3 class=\"has-text-align-center wp-block-heading\">Vinculando la teor\u00eda del mercado de la sostenibilidad perfecta a la econom\u00eda circular basada en la sostenibilidad<\/h3>\n\n\n\n<div class=\"wp-block-image\"><figure class=\"aligncenter size-large\"><img data-recalc-dims=\"1\" fetchpriority=\"high\" decoding=\"async\" width=\"451\" height=\"233\" src=\"https:\/\/i0.wp.com\/cebem.org\/wp-content\/uploads\/2021\/03\/ART149F6SPANISH.jpg?resize=451%2C233&#038;ssl=1\" alt=\"\" class=\"wp-image-8340\" srcset=\"https:\/\/i0.wp.com\/cebem.org\/wp-content\/uploads\/2021\/03\/ART149F6SPANISH.jpg?w=451&amp;ssl=1 451w, https:\/\/i0.wp.com\/cebem.org\/wp-content\/uploads\/2021\/03\/ART149F6SPANISH.jpg?resize=300%2C155&amp;ssl=1 300w\" sizes=\"(max-width: 451px) 100vw, 451px\" \/><\/figure><\/div>\n\n\n\n<p><strong>Por<\/strong>: <strong>Lucio Mu\u00f1oz <\/strong> &#8211; <strong>Investigador \/ consultor comparativo cualitativo independiente, Vancouver, BC, Canad\u00e1. Correo: munoz@interchange.ubc.ca<\/strong><\/p>\n\n\n\n<p><strong>Res\u00famen<\/strong><\/p>\n\n\n\n<p> La teor\u00eda del mercado de sostenibilidad perfecta indica que cuando corregimos el mecanismo de precios del mercado tradicional para reflejar las externalidades sociales y ambientales, lo cambiamos a un modelo de mercado de sostenibilidad ya que haciendo eso cerramos la brecha de sostenibilidad socio-ambiental, creando en el proceso un modelo con una econom\u00eda circular cerrada basada en la sostenibilidad. A medida que el precio de mercado tradicional cambia al precio de mercado de la sostenibilidad, pasamos de un modelo con econom\u00eda circular rota bajo externalidades socio-ambientales a un modelo de econom\u00eda circular ininterrumpida. \u00a0En otras palabras, el cambio de precios va uno a uno con los cambios en las estructuras de la econom\u00eda circular. Por lo tanto, es necesario comprender el v\u00ednculo entre la naturaleza de los precios de mercado y la naturaleza de las econom\u00edas circulares relacionadas cuando la inclusi\u00f3n de las externalidades socio-ambientales se vuelve obligatoria. Por ejemplo, \u00bfcu\u00e1l es la naturaleza de la econom\u00eda circular tradicional bajo ning\u00fan supuesto de neutralidad de externalidades socio-ambientales? \u00bfCu\u00e1l es la naturaleza de la econom\u00eda de mercado de la sostenibilidad circular bajo ning\u00fan supuesto de neutralidad de externalidad socio-ambiental? \u00bfQu\u00e9 es diferente entre esas dos econom\u00edas circulares en t\u00e9rminos de brechas de sostenibilidad socio-ambiental? Entre los objetivos de este art\u00edculo se encuentra dar respuesta a estas preguntas.<\/p>\n\n\n\n<div class=\"wp-block-file\"><a href=\"https:\/\/cebem.org\/wp-content\/uploads\/2021\/03\/ART149.pdf\" target=\"_blank\" rel=\"noreferrer noopener\">Descargar art\u00edculo completo (ingles)<\/a><a href=\"https:\/\/cebem.org\/wp-content\/uploads\/2021\/03\/ART149.pdf\" class=\"wp-block-file__button\" download>Descarga<\/a><\/div>\n","protected":false},"excerpt":{"rendered":"<p>La teor\u00eda del mercado de sostenibilidad perfecta indica que cuando corregimos el mecanismo de precios del mercado tradicional para reflejar las externalidades sociales y ambientales, lo cambiamos a un modelo de mercado de sostenibilidad&#8230;<\/p>\n","protected":false},"author":2,"featured_media":8340,"comment_status":"closed","ping_status":"closed","sticky":false,"template":"","format":"standard","meta":{"_jetpack_memberships_contains_paid_content":false,"footnotes":"","jetpack_publicize_message":"Pensamientos de sostenibilidad 111: Vinculando la teor\u00eda del mercado de la sostenibilidad perfecta a la econom\u00eda circular basada en la sostenibilidad","jetpack_publicize_feature_enabled":true,"jetpack_social_post_already_shared":true,"jetpack_social_options":{"image_generator_settings":{"template":"highway","default_image_id":0,"font":"","enabled":false},"version":2}},"categories":[7],"tags":[29,1035],"class_list":["post-8339","post","type-post","status-publish","format-standard","has-post-thumbnail","hentry","category-otras-publicaciones","tag-articulo","tag-boletin-2-febrero-2021","item-wrap"],"jetpack_publicize_connections":[],"jetpack_featured_media_url":"https:\/\/i0.wp.com\/cebem.org\/wp-content\/uploads\/2021\/03\/ART149F6SPANISH.jpg?fit=451%2C233&ssl=1","jetpack_sharing_enabled":true,"_links":{"self":[{"href":"https:\/\/cebem.org\/index.php?rest_route=\/wp\/v2\/posts\/8339","targetHints":{"allow":["GET"]}}],"collection":[{"href":"https:\/\/cebem.org\/index.php?rest_route=\/wp\/v2\/posts"}],"about":[{"href":"https:\/\/cebem.org\/index.php?rest_route=\/wp\/v2\/types\/post"}],"author":[{"embeddable":true,"href":"https:\/\/cebem.org\/index.php?rest_route=\/wp\/v2\/users\/2"}],"replies":[{"embeddable":true,"href":"https:\/\/cebem.org\/index.php?rest_route=%2Fwp%2Fv2%2Fcomments&post=8339"}],"version-history":[{"count":1,"href":"https:\/\/cebem.org\/index.php?rest_route=\/wp\/v2\/posts\/8339\/revisions"}],"predecessor-version":[{"id":8342,"href":"https:\/\/cebem.org\/index.php?rest_route=\/wp\/v2\/posts\/8339\/revisions\/8342"}],"wp:featuredmedia":[{"embeddable":true,"href":"https:\/\/cebem.org\/index.php?rest_route=\/wp\/v2\/media\/8340"}],"wp:attachment":[{"href":"https:\/\/cebem.org\/index.php?rest_route=%2Fwp%2Fv2%2Fmedia&parent=8339"}],"wp:term":[{"taxonomy":"category","embeddable":true,"href":"https:\/\/cebem.org\/index.php?rest_route=%2Fwp%2Fv2%2Fcategories&post=8339"},{"taxonomy":"post_tag","embeddable":true,"href":"https:\/\/cebem.org\/index.php?rest_route=%2Fwp%2Fv2%2Ftags&post=8339"}],"curies":[{"name":"wp","href":"https:\/\/api.w.org\/{rel}","templated":true}]}}