
{"id":8268,"date":"2021-01-30T21:47:00","date_gmt":"2021-01-31T01:47:00","guid":{"rendered":"https:\/\/cebem.org\/?p=8268"},"modified":"2021-02-02T22:05:13","modified_gmt":"2021-02-03T02:05:13","slug":"pensamientos-de-sostenibilidad-110-vinculando-la-teoria-del-mercado-rojo-perfecto-con-la-economia-roja-circular","status":"publish","type":"post","link":"https:\/\/cebem.org\/?p=8268","title":{"rendered":"Pensamientos de sostenibilidad 110: Vinculando la teor\u00eda del mercado rojo perfecto con la econom\u00eda roja circular"},"content":{"rendered":"\n<p><strong>Por<\/strong>: <strong>Lucio Mu\u00f1oz <\/strong> &#8211; <strong>Investigador \/ consultor comparativo cualitativo independiente, Vancouver, BC, Canad\u00e1.&nbsp; Correo: munoz@interchange.ubc.ca<\/strong><\/p>\n\n\n\n<div class=\"wp-block-image\"><figure class=\"aligncenter size-large\"><img data-recalc-dims=\"1\" decoding=\"async\" width=\"237\" height=\"174\" src=\"https:\/\/i0.wp.com\/cebem.org\/wp-content\/uploads\/2021\/02\/ART148F2SPANISH.jpg?resize=237%2C174&#038;ssl=1\" alt=\"\" class=\"wp-image-8269\"\/><\/figure><\/div>\n\n\n\n<p><strong>Res\u00famen<\/strong><\/p>\n\n\n\n<p>La teor\u00eda del mercado rojo perfecto estipula que cuando corregimos el mecanismo de precios del mercado tradicional para reflejar as\u00ed las externalidades sociales lo cambiamos a un modelo de mercado rojo ya que cuando cerramos la brecha de sostenibilidad social que lo afecta creamos un modelo de econom\u00eda roja circular cerrada. A medida que el precio de mercado tradicional cambia al precio de mercado rojo pasamos de un modelo con una econom\u00eda circular rota bajo externalidades sociales vinculantes a un modelo con econom\u00eda circular ininterrumpida. &nbsp;En otras palabras, el cambio de precios va uno a uno con los cambios en las estructuras de la econom\u00eda circular. Por lo tanto, es necesario comprender el v\u00ednculo entre la naturaleza de los precios de mercado y la naturaleza de las econom\u00edas circulares relacionadas cuando la contabilidad de las externalidades sociales se vuelve obligatoria. Por ejemplo, \u00bfcu\u00e1l es la naturaleza de la econom\u00eda circular tradicional sin el supuesto de neutralidad de externalidad social? \u00bfCu\u00e1l es la naturaleza de la econom\u00eda de mercado circular roja bajo el supuesto de neutralidad de las externalidades ambientales? \u00bfQu\u00e9 es diferente entre esas dos econom\u00edas circulares en t\u00e9rminos de brechas de sostenibilidad social? Entre los objetivos de este art\u00edculo se encuentra el dar respuesta a estas preguntas.<\/p>\n\n\n\n<div class=\"wp-block-file\"><a href=\"https:\/\/cebem.org\/wp-content\/uploads\/2021\/02\/ART148.pdf\" target=\"_blank\" rel=\"noreferrer noopener\"><strong>Descargar art\u00edculo completo<\/strong><\/a><a href=\"https:\/\/cebem.org\/wp-content\/uploads\/2021\/02\/ART148.pdf\" class=\"wp-block-file__button\" download>Descarga<\/a><\/div>\n","protected":false},"excerpt":{"rendered":"<p>La teor\u00eda del mercado rojo perfecto estipula que cuando corregimos el mecanismo de precios del mercado tradicional para reflejar as\u00ed las externalidades sociales lo cambiamos a un modelo de mercado rojo ya que cuando cerramos la brecha de sostenibilidad social que lo afecta creamos un modelo de econom\u00eda roja circular cerrada.<\/p>\n","protected":false},"author":2,"featured_media":8269,"comment_status":"closed","ping_status":"closed","sticky":false,"template":"","format":"standard","meta":{"_jetpack_memberships_contains_paid_content":false,"footnotes":"","jetpack_publicize_message":"","jetpack_publicize_feature_enabled":true,"jetpack_social_post_already_shared":true,"jetpack_social_options":{"image_generator_settings":{"template":"highway","default_image_id":0,"font":"","enabled":false},"version":2}},"categories":[7],"tags":[29,1013],"class_list":["post-8268","post","type-post","status-publish","format-standard","has-post-thumbnail","hentry","category-otras-publicaciones","tag-articulo","tag-boletin-1-enero-2021","item-wrap"],"jetpack_publicize_connections":[],"jetpack_featured_media_url":"https:\/\/i0.wp.com\/cebem.org\/wp-content\/uploads\/2021\/02\/ART148F2SPANISH.jpg?fit=237%2C174&ssl=1","jetpack_sharing_enabled":true,"_links":{"self":[{"href":"https:\/\/cebem.org\/index.php?rest_route=\/wp\/v2\/posts\/8268","targetHints":{"allow":["GET"]}}],"collection":[{"href":"https:\/\/cebem.org\/index.php?rest_route=\/wp\/v2\/posts"}],"about":[{"href":"https:\/\/cebem.org\/index.php?rest_route=\/wp\/v2\/types\/post"}],"author":[{"embeddable":true,"href":"https:\/\/cebem.org\/index.php?rest_route=\/wp\/v2\/users\/2"}],"replies":[{"embeddable":true,"href":"https:\/\/cebem.org\/index.php?rest_route=%2Fwp%2Fv2%2Fcomments&post=8268"}],"version-history":[{"count":2,"href":"https:\/\/cebem.org\/index.php?rest_route=\/wp\/v2\/posts\/8268\/revisions"}],"predecessor-version":[{"id":8274,"href":"https:\/\/cebem.org\/index.php?rest_route=\/wp\/v2\/posts\/8268\/revisions\/8274"}],"wp:featuredmedia":[{"embeddable":true,"href":"https:\/\/cebem.org\/index.php?rest_route=\/wp\/v2\/media\/8269"}],"wp:attachment":[{"href":"https:\/\/cebem.org\/index.php?rest_route=%2Fwp%2Fv2%2Fmedia&parent=8268"}],"wp:term":[{"taxonomy":"category","embeddable":true,"href":"https:\/\/cebem.org\/index.php?rest_route=%2Fwp%2Fv2%2Fcategories&post=8268"},{"taxonomy":"post_tag","embeddable":true,"href":"https:\/\/cebem.org\/index.php?rest_route=%2Fwp%2Fv2%2Ftags&post=8268"}],"curies":[{"name":"wp","href":"https:\/\/api.w.org\/{rel}","templated":true}]}}