
{"id":8163,"date":"2020-12-18T20:25:17","date_gmt":"2020-12-19T00:25:17","guid":{"rendered":"https:\/\/cebem.org\/?p=8163"},"modified":"2020-12-18T20:25:18","modified_gmt":"2020-12-19T00:25:18","slug":"balance-preliminar-de-las-economias-de-america-latina-y-el-caribe-2020","status":"publish","type":"post","link":"https:\/\/cebem.org\/?p=8163","title":{"rendered":"Balance Preliminar de las Econom\u00edas de Am\u00e9rica Latina y el Caribe 2020"},"content":{"rendered":"\n<div class=\"wp-block-image\"><figure class=\"aligncenter size-large is-resized\"><img data-recalc-dims=\"1\" fetchpriority=\"high\" decoding=\"async\" src=\"https:\/\/i0.wp.com\/cebem.org\/wp-content\/uploads\/2020\/12\/Balance-Preliminar.png?resize=320%2C418&#038;ssl=1\" alt=\"\" class=\"wp-image-8164\" width=\"320\" height=\"418\" srcset=\"https:\/\/i0.wp.com\/cebem.org\/wp-content\/uploads\/2020\/12\/Balance-Preliminar.png?w=320&amp;ssl=1 320w, https:\/\/i0.wp.com\/cebem.org\/wp-content\/uploads\/2020\/12\/Balance-Preliminar.png?resize=230%2C300&amp;ssl=1 230w\" sizes=\"(max-width: 320px) 100vw, 320px\" \/><\/figure><\/div>\n\n\n\n<p class=\"has-text-align-justify\">Presentaci\u00f3n de la Secretaria Ejecutiva de la CEPAL en su edici\u00f3n 2020, el <em>Balance Preliminar de las Econom\u00edas de Am\u00e9rica Latina y el Caribe <\/em>examina el comportamiento de las econom\u00edas de la regi\u00f3n durante el a\u00f1o, y actualiza las cifras de crecimiento y otros indicadores que reflejan el impacto sufrido por los pa\u00edses de la regi\u00f3n a ra\u00edz de la crisis del COVID-19.<\/p>\n\n\n\n<h4 class=\"wp-block-heading\">Para descargar el libro <a rel=\"noreferrer noopener\" href=\"https:\/\/crm.cepal.org\/sites\/all\/modules\/civicrm\/extern\/url.php?u=16019&amp;qid=19229755\" target=\"_blank\">aqu\u00ed<\/a>.<\/h4>\n\n\n\n<h4 class=\"wp-block-heading\"><a rel=\"noreferrer noopener\" href=\"https:\/\/www.cepal.org\/es\/publicaciones\/bp\" target=\"_blank\">Mayor informaci\u00f3n<\/a>.<\/h4>\n\n\n\n<p><\/p>\n\n\n\n<p><\/p>\n","protected":false},"excerpt":{"rendered":"<p>Balance Preliminar de las Econom\u00edas de Am\u00e9rica Latina y el Caribe examina el comportamiento de las econom\u00edas de la regi\u00f3n durante el a\u00f1o, y actualiza las cifras de crecimiento y otros indicadores que reflejan el impacto sufrido por los pa\u00edses de la regi\u00f3n a ra\u00edz de la crisis del COVID-19.<\/p>\n","protected":false},"author":12,"featured_media":8164,"comment_status":"closed","ping_status":"closed","sticky":false,"template":"","format":"standard","meta":{"_jetpack_memberships_contains_paid_content":false,"footnotes":"","jetpack_publicize_message":"","jetpack_publicize_feature_enabled":true,"jetpack_social_post_already_shared":true,"jetpack_social_options":{"image_generator_settings":{"template":"highway","default_image_id":0,"font":"","enabled":false},"version":2}},"categories":[7],"tags":[993,185,1012],"class_list":["post-8163","post","type-post","status-publish","format-standard","has-post-thumbnail","hentry","category-otras-publicaciones","tag-boletin-12-diciembre-2020","tag-cepal","tag-publicacion-2","item-wrap"],"jetpack_publicize_connections":[],"jetpack_featured_media_url":"https:\/\/i0.wp.com\/cebem.org\/wp-content\/uploads\/2020\/12\/Balance-Preliminar.png?fit=320%2C418&ssl=1","jetpack_sharing_enabled":true,"_links":{"self":[{"href":"https:\/\/cebem.org\/index.php?rest_route=\/wp\/v2\/posts\/8163","targetHints":{"allow":["GET"]}}],"collection":[{"href":"https:\/\/cebem.org\/index.php?rest_route=\/wp\/v2\/posts"}],"about":[{"href":"https:\/\/cebem.org\/index.php?rest_route=\/wp\/v2\/types\/post"}],"author":[{"embeddable":true,"href":"https:\/\/cebem.org\/index.php?rest_route=\/wp\/v2\/users\/12"}],"replies":[{"embeddable":true,"href":"https:\/\/cebem.org\/index.php?rest_route=%2Fwp%2Fv2%2Fcomments&post=8163"}],"version-history":[{"count":1,"href":"https:\/\/cebem.org\/index.php?rest_route=\/wp\/v2\/posts\/8163\/revisions"}],"predecessor-version":[{"id":8165,"href":"https:\/\/cebem.org\/index.php?rest_route=\/wp\/v2\/posts\/8163\/revisions\/8165"}],"wp:featuredmedia":[{"embeddable":true,"href":"https:\/\/cebem.org\/index.php?rest_route=\/wp\/v2\/media\/8164"}],"wp:attachment":[{"href":"https:\/\/cebem.org\/index.php?rest_route=%2Fwp%2Fv2%2Fmedia&parent=8163"}],"wp:term":[{"taxonomy":"category","embeddable":true,"href":"https:\/\/cebem.org\/index.php?rest_route=%2Fwp%2Fv2%2Fcategories&post=8163"},{"taxonomy":"post_tag","embeddable":true,"href":"https:\/\/cebem.org\/index.php?rest_route=%2Fwp%2Fv2%2Ftags&post=8163"}],"curies":[{"name":"wp","href":"https:\/\/api.w.org\/{rel}","templated":true}]}}