
{"id":8152,"date":"2020-12-14T18:45:05","date_gmt":"2020-12-14T22:45:05","guid":{"rendered":"https:\/\/cebem.org\/?p=8152"},"modified":"2020-12-14T18:45:06","modified_gmt":"2020-12-14T22:45:06","slug":"conversatorio-conflictividad-social-crisis-politica-y-modelo-de-desarrollo-en-chile","status":"publish","type":"post","link":"https:\/\/cebem.org\/?p=8152","title":{"rendered":"Conversatorio \u201cConflictividad social, crisis pol\u00edtica y modelo de desarrollo en Chile\u201d"},"content":{"rendered":"\n<div class=\"wp-block-image\"><figure class=\"aligncenter size-large\"><img data-recalc-dims=\"1\" fetchpriority=\"high\" decoding=\"async\" width=\"750\" height=\"506\" src=\"https:\/\/i0.wp.com\/cebem.org\/wp-content\/uploads\/2020\/12\/conflictividad-social-crisis-politica-y-modelo-de-desarrollo-en-Chile-768x518-1.jpg?resize=750%2C506&#038;ssl=1\" alt=\"\" class=\"wp-image-8154\" srcset=\"https:\/\/i0.wp.com\/cebem.org\/wp-content\/uploads\/2020\/12\/conflictividad-social-crisis-politica-y-modelo-de-desarrollo-en-Chile-768x518-1.jpg?w=768&amp;ssl=1 768w, https:\/\/i0.wp.com\/cebem.org\/wp-content\/uploads\/2020\/12\/conflictividad-social-crisis-politica-y-modelo-de-desarrollo-en-Chile-768x518-1.jpg?resize=300%2C202&amp;ssl=1 300w, https:\/\/i0.wp.com\/cebem.org\/wp-content\/uploads\/2020\/12\/conflictividad-social-crisis-politica-y-modelo-de-desarrollo-en-Chile-768x518-1.jpg?resize=600%2C405&amp;ssl=1 600w, https:\/\/i0.wp.com\/cebem.org\/wp-content\/uploads\/2020\/12\/conflictividad-social-crisis-politica-y-modelo-de-desarrollo-en-Chile-768x518-1.jpg?resize=750%2C506&amp;ssl=1 750w\" sizes=\"(max-width: 750px) 100vw, 750px\" \/><\/figure><\/div>\n\n\n\n<p class=\"has-text-align-justify\">La Maestr\u00eda en \u201cPol\u00edticas P\u00fablicas y Desarrollo\u201d del \u00c1rea Estado y Pol\u00edticas P\u00fablicas de FLACSO (Sede Argentina) los\/as invita a participar del conversatorio \u201cConflictividad social, crisis pol\u00edtica y modelo de desarrollo en Chile. Desaf\u00edos a la luz de la nueva Constituci\u00f3n\u201d.<\/p>\n\n\n\n<p class=\"has-text-align-justify\">El objetivo de esta actividad es conocer el proceso pol\u00edtico y social que se est\u00e1 viviendo en Chile a ra\u00edz de la emergencia del \u201cestallido social\u201d y la crisis pol\u00edtico-institucional iniciada en octubre de 2019 y las perspectivas a futuro respecto a la formulaci\u00f3n de una nueva Constituci\u00f3n y el impacto de este proceso en la construcci\u00f3n de propuestas alternativas tanto en el sistema pol\u00edtico como del modelo de desarrollo.<\/p>\n\n\n\n<p class=\"has-text-align-justify\">Para este conversatorio contaremos con la participaci\u00f3n de tres invitados\/as que nos aportar\u00e1n su mirada sobre estas cuestiones, desde la sociedad civil, desde el mundo acad\u00e9mico y desde el sistema pol\u00edtico y las relaciones internacionales.<\/p>\n\n\n\n<ul class=\"wp-block-list\"><li><strong>Carolina ESPINOSA<\/strong>. Vocera Coordinadora NO+AFP. Vicepresidencia Mujeres Interamerica ISP. Confederaci\u00f3n nacional de funcionarias y funcionarios de salud municipal.<\/li><li><strong>Carlos OMINAMI<\/strong>. Director Fundaci\u00f3n Chile 21 y vicepresidente del Foro Permanente de Pol\u00edtica Exterior. Miembro fundador del Grupo de Puebla.<\/li><li><strong>Carlos RUIZ ENCINA<\/strong>. Dr. en Estudios Latinoamericanos de la Universidad de Chile. Presidente Fundaci\u00f3n Nodo XXI.<\/li><\/ul>\n\n\n\n<h4 class=\"wp-block-heading\">D\u00eda: Mi\u00e9rcoles 16 de diciembre 2020  a hrs. 16:00 (horario Argentina) V\u00eda Zoom.<\/h4>\n\n\n\n<h4 class=\"wp-block-heading\">Para participar del conversatorio llenar el formulario <a rel=\"noreferrer noopener\" href=\"https:\/\/docs.google.com\/forms\/d\/e\/1FAIpQLSf8f1G7C9uyzQD-6bhXzEA_mGMFaFrWIsDOU6PddxXmhXuTaw\/viewform\" target=\"_blank\">aqu\u00ed<\/a>.<\/h4>\n\n\n\n<h4 class=\"wp-block-heading\">Para recibir una <a rel=\"noreferrer noopener\" href=\"https:\/\/www.flacso.org.ar\/conversatorio-conflictividad-social-crisis-politica-y-modelo-de-desarrollo-en-chile\/\" target=\"_blank\">mayor <\/a><a href=\"https:\/\/www.flacso.org.ar\/conversatorio-conflictividad-social-crisis-politica-y-modelo-de-desarrollo-en-chile\/\" target=\"_blank\" rel=\"noreferrer noopener\">informaci\u00f3n<\/a> <\/h4>\n","protected":false},"excerpt":{"rendered":"<p>FLACSO Argentina les invita a conocer el proceso pol\u00edtico y social que se est\u00e1 viviendo en Chile a ra\u00edz de la emergencia del \u201cestallido social\u201d.<\/p>\n","protected":false},"author":12,"featured_media":8154,"comment_status":"closed","ping_status":"closed","sticky":false,"template":"","format":"standard","meta":{"_jetpack_memberships_contains_paid_content":false,"footnotes":"","jetpack_publicize_message":"","jetpack_publicize_feature_enabled":true,"jetpack_social_post_already_shared":true,"jetpack_social_options":{"image_generator_settings":{"template":"highway","default_image_id":0,"font":"","enabled":false},"version":2}},"categories":[34],"tags":[993,1009,983,409],"class_list":["post-8152","post","type-post","status-publish","format-standard","has-post-thumbnail","hentry","category-eventos","tag-boletin-12-diciembre-2020","tag-conflictividad-social-en-chile","tag-conversatorio-virtual","tag-flacso-argentina","item-wrap"],"jetpack_publicize_connections":[],"jetpack_featured_media_url":"https:\/\/i0.wp.com\/cebem.org\/wp-content\/uploads\/2020\/12\/conflictividad-social-crisis-politica-y-modelo-de-desarrollo-en-Chile-768x518-1.jpg?fit=768%2C518&ssl=1","jetpack_sharing_enabled":true,"_links":{"self":[{"href":"https:\/\/cebem.org\/index.php?rest_route=\/wp\/v2\/posts\/8152","targetHints":{"allow":["GET"]}}],"collection":[{"href":"https:\/\/cebem.org\/index.php?rest_route=\/wp\/v2\/posts"}],"about":[{"href":"https:\/\/cebem.org\/index.php?rest_route=\/wp\/v2\/types\/post"}],"author":[{"embeddable":true,"href":"https:\/\/cebem.org\/index.php?rest_route=\/wp\/v2\/users\/12"}],"replies":[{"embeddable":true,"href":"https:\/\/cebem.org\/index.php?rest_route=%2Fwp%2Fv2%2Fcomments&post=8152"}],"version-history":[{"count":1,"href":"https:\/\/cebem.org\/index.php?rest_route=\/wp\/v2\/posts\/8152\/revisions"}],"predecessor-version":[{"id":8155,"href":"https:\/\/cebem.org\/index.php?rest_route=\/wp\/v2\/posts\/8152\/revisions\/8155"}],"wp:featuredmedia":[{"embeddable":true,"href":"https:\/\/cebem.org\/index.php?rest_route=\/wp\/v2\/media\/8154"}],"wp:attachment":[{"href":"https:\/\/cebem.org\/index.php?rest_route=%2Fwp%2Fv2%2Fmedia&parent=8152"}],"wp:term":[{"taxonomy":"category","embeddable":true,"href":"https:\/\/cebem.org\/index.php?rest_route=%2Fwp%2Fv2%2Fcategories&post=8152"},{"taxonomy":"post_tag","embeddable":true,"href":"https:\/\/cebem.org\/index.php?rest_route=%2Fwp%2Fv2%2Ftags&post=8152"}],"curies":[{"name":"wp","href":"https:\/\/api.w.org\/{rel}","templated":true}]}}