
{"id":8127,"date":"2020-12-08T10:44:27","date_gmt":"2020-12-08T14:44:27","guid":{"rendered":"https:\/\/cebem.org\/?p=8127"},"modified":"2020-12-08T10:57:55","modified_gmt":"2020-12-08T14:57:55","slug":"acta-del-ii-congreso-virtual-desarrollo-sustentable-y-desafios-ambientales-soluciones-ambientales-en-el-marco-de-la-emergencia-climatica","status":"publish","type":"post","link":"https:\/\/cebem.org\/?p=8127","title":{"rendered":"Acta del II Congreso virtual: Desarrollo Sustentable y Desaf\u00edos Ambientales \u201cSoluciones Ambientales en el Marco de la Emergencia Clim\u00e1tica\u201d"},"content":{"rendered":"\n<figure class=\"wp-block-image size-large\"><img data-recalc-dims=\"1\" fetchpriority=\"high\" decoding=\"async\" width=\"750\" height=\"393\" src=\"https:\/\/i0.wp.com\/cebem.org\/wp-content\/uploads\/2020\/12\/portada-acta-difusion.jpg?resize=750%2C393&#038;ssl=1\" alt=\"\" class=\"wp-image-8128\" srcset=\"https:\/\/i0.wp.com\/cebem.org\/wp-content\/uploads\/2020\/12\/portada-acta-difusion.jpg?resize=1024%2C536&amp;ssl=1 1024w, https:\/\/i0.wp.com\/cebem.org\/wp-content\/uploads\/2020\/12\/portada-acta-difusion.jpg?resize=300%2C157&amp;ssl=1 300w, https:\/\/i0.wp.com\/cebem.org\/wp-content\/uploads\/2020\/12\/portada-acta-difusion.jpg?resize=768%2C402&amp;ssl=1 768w, https:\/\/i0.wp.com\/cebem.org\/wp-content\/uploads\/2020\/12\/portada-acta-difusion.jpg?resize=600%2C314&amp;ssl=1 600w, https:\/\/i0.wp.com\/cebem.org\/wp-content\/uploads\/2020\/12\/portada-acta-difusion.jpg?resize=750%2C393&amp;ssl=1 750w, https:\/\/i0.wp.com\/cebem.org\/wp-content\/uploads\/2020\/12\/portada-acta-difusion.jpg?w=1200&amp;ssl=1 1200w\" sizes=\"(max-width: 750px) 100vw, 750px\" \/><\/figure>\n\n\n\n<h4 class=\"wp-block-heading\">Compartimos con ustedes las ponencias y los posters del <strong>II Congreso virtual Desarrollo Sustentable y Desaf\u00edos Ambientales<\/strong><\/h4>\n\n\n\n<p>En esta edici\u00f3n reunimos a especialistas de diversas latitudes de Iberoam\u00e9rica, <strong>pa\u00edses como Bolivia, Argentina, M\u00e9xico, Colombia, Per\u00fa, Chile, Espa\u00f1a, Brasil y Ecuador<\/strong>. Que nos acercan sus aportes te\u00f3ricos y metodol\u00f3gicos desde la l\u00ednea cient\u00edfica t\u00e9cnica, a&nbsp; la vez que re\u00fane a gestores p\u00fablicos y miembros de la sociedad civil con experiencias locales y regionales.<\/p>\n\n\n\n<p>El espacio de debate virtual, planteo como objetivo \u201cEstablecer un espacio de intercambio y socializaci\u00f3n de experiencias y miradas en materia de los distintos instrumentos de gesti\u00f3n ambiental entre t\u00e9cnicos, funcionarios, consultores y docentes\u201d<\/p>\n\n\n\n<p>As\u00ed,&nbsp; las conferencias, las ponencias y los posters desarrollados por los congresistas, permite observar los desaf\u00edos particulares de cada uno de los pa\u00edses conforme sus condiciones ambientales (sociales, culturales, econ\u00f3micas, pol\u00edticas, f\u00edsico-naturales), as\u00ed como el avance y el impacto de las distintas estrategias de planificaci\u00f3n regionales, nacionales y locales.<\/p>\n\n\n\n<p>Para su organizaci\u00f3n, el congreso avanzo sobre l\u00edneas de trabajo y problem\u00e1ticas ambientales diversas desde las cuestiones asociadas a Cambio Clim\u00e1tico, Ciudades y Comunidades Sustentables, Producci\u00f3n y Consumo sustentable, Conservaci\u00f3n, Salud y Ambiente, Transici\u00f3n energ\u00e9tica, as\u00ed como aquellas que visibilizan las especialmente herramientas y estrategias en dialogo con los temas y problemas: Educaci\u00f3n Ambiental, Prospectiva y Ambiente y Gobernanza Ambiental.<\/p>\n\n\n\n<p>Agradecemos a todo el equipo de trabajo conformado por los organizadores del Centro Boliviano de Estudios Multidisciplinarios \u2013 especialmente al Mg. Jose Blanes co-mentor de la idea y entusiasta de la iniciativa- as\u00ed como a cada una de las instituciones que co-organizan, a los especialistas coordinadores de mesa, a los especialistas que nos acompa\u00f1aron en el comit\u00e9 cient\u00edfico, as\u00ed como a los ponentes y los asistentes de diversas universidades e instituciones p\u00fablicas y privadas.<\/p>\n\n\n\n<p>Mg. Lorena G Coria<br>Comit\u00e9 Organizador del Congreso<\/p>\n\n\n\n<h4 class=\"has-text-align-center has-vivid-purple-color has-text-color wp-block-heading\">Ahora le proporcionamos el acta para su descarga, solo le pedimos pueda compartir en sus redes y as\u00ed ampliar su difusi\u00f3n de este trabajo importante.<\/h4>\n\n\n\n<p class=\"has-text-align-center\"><a rel=\"noreferrer noopener\" href=\"http:\/\/congresos.cebem.org\/wp-content\/uploads\/2020\/11\/Acta_II_Congreso_Virtual-2020-1.pdf\" target=\"_blank\"><\/a><a href=\"http:\/\/congresos.cebem.org\/wp-content\/uploads\/2020\/11\/Acta_II_Congreso_Virtual-2020-1.pdf\" target=\"_blank\" rel=\"noreferrer noopener\"><strong>Descargar ACTA, PDF 29Mb<\/strong><\/a><\/p>\n\n\n\n<h3 class=\"wp-block-heading\">Hasta pronto y nos encontramos en la siguiente versi\u00f3n 2021\u2026<\/h3>\n","protected":false},"excerpt":{"rendered":"<p>Compartimos con ustedes las ponencias y los posters del II Congreso virtual Desarrollo Sustentable y Desaf\u00edos Ambientales.<\/p>\n","protected":false},"author":2,"featured_media":8128,"comment_status":"closed","ping_status":"closed","sticky":false,"template":"","format":"standard","meta":{"_jetpack_memberships_contains_paid_content":false,"footnotes":"","jetpack_publicize_message":"","jetpack_publicize_feature_enabled":true,"jetpack_social_post_already_shared":true,"jetpack_social_options":{"image_generator_settings":{"template":"highway","default_image_id":0,"font":"","enabled":false},"version":2}},"categories":[9,22],"tags":[590,168,119],"class_list":["post-8127","post","type-post","status-publish","format-standard","has-post-thumbnail","hentry","category-destacados","category-publicaciones-cebem","tag-congreso-virtual-ambiente-2020","tag-documentos","tag-medio-ambiente","item-wrap"],"jetpack_publicize_connections":[],"jetpack_featured_media_url":"https:\/\/i0.wp.com\/cebem.org\/wp-content\/uploads\/2020\/12\/portada-acta-difusion.jpg?fit=1200%2C628&ssl=1","jetpack_sharing_enabled":true,"_links":{"self":[{"href":"https:\/\/cebem.org\/index.php?rest_route=\/wp\/v2\/posts\/8127","targetHints":{"allow":["GET"]}}],"collection":[{"href":"https:\/\/cebem.org\/index.php?rest_route=\/wp\/v2\/posts"}],"about":[{"href":"https:\/\/cebem.org\/index.php?rest_route=\/wp\/v2\/types\/post"}],"author":[{"embeddable":true,"href":"https:\/\/cebem.org\/index.php?rest_route=\/wp\/v2\/users\/2"}],"replies":[{"embeddable":true,"href":"https:\/\/cebem.org\/index.php?rest_route=%2Fwp%2Fv2%2Fcomments&post=8127"}],"version-history":[{"count":3,"href":"https:\/\/cebem.org\/index.php?rest_route=\/wp\/v2\/posts\/8127\/revisions"}],"predecessor-version":[{"id":8132,"href":"https:\/\/cebem.org\/index.php?rest_route=\/wp\/v2\/posts\/8127\/revisions\/8132"}],"wp:featuredmedia":[{"embeddable":true,"href":"https:\/\/cebem.org\/index.php?rest_route=\/wp\/v2\/media\/8128"}],"wp:attachment":[{"href":"https:\/\/cebem.org\/index.php?rest_route=%2Fwp%2Fv2%2Fmedia&parent=8127"}],"wp:term":[{"taxonomy":"category","embeddable":true,"href":"https:\/\/cebem.org\/index.php?rest_route=%2Fwp%2Fv2%2Fcategories&post=8127"},{"taxonomy":"post_tag","embeddable":true,"href":"https:\/\/cebem.org\/index.php?rest_route=%2Fwp%2Fv2%2Ftags&post=8127"}],"curies":[{"name":"wp","href":"https:\/\/api.w.org\/{rel}","templated":true}]}}