
{"id":8124,"date":"2020-12-04T20:32:52","date_gmt":"2020-12-05T00:32:52","guid":{"rendered":"https:\/\/cebem.org\/?p=8124"},"modified":"2020-12-04T20:32:53","modified_gmt":"2020-12-05T00:32:53","slug":"xvi-edicion-premios-fundacion-bbva-a-la-conservacion-de-la-biodiversidad","status":"publish","type":"post","link":"https:\/\/cebem.org\/?p=8124","title":{"rendered":"XVI edici\u00f3n Premios Fundaci\u00f3n BBVA a la Conservaci\u00f3n de la Biodiversidad"},"content":{"rendered":"\n<div class=\"wp-block-image\"><figure class=\"aligncenter size-large\"><img data-recalc-dims=\"1\" fetchpriority=\"high\" decoding=\"async\" width=\"666\" height=\"375\" src=\"https:\/\/i0.wp.com\/cebem.org\/wp-content\/uploads\/2020\/12\/Fundacion-BBVA.png?resize=666%2C375&#038;ssl=1\" alt=\"\" class=\"wp-image-8125\" srcset=\"https:\/\/i0.wp.com\/cebem.org\/wp-content\/uploads\/2020\/12\/Fundacion-BBVA.png?w=666&amp;ssl=1 666w, https:\/\/i0.wp.com\/cebem.org\/wp-content\/uploads\/2020\/12\/Fundacion-BBVA.png?resize=300%2C169&amp;ssl=1 300w, https:\/\/i0.wp.com\/cebem.org\/wp-content\/uploads\/2020\/12\/Fundacion-BBVA.png?resize=600%2C338&amp;ssl=1 600w\" sizes=\"(max-width: 666px) 100vw, 666px\" \/><\/figure><\/div>\n\n\n\n<p class=\"has-text-align-justify\">Los <strong>Premios a la Conservaci\u00f3n de la Biodiversidad de la Fundaci\u00f3n BBVA<\/strong> pretenden reconocer e incentivar \u00a0la \u00a0labor de las organizaciones conservacionistas, las instituciones y los organismos que desarrollan pol\u00edticas o funciones de conservaci\u00f3n medioambiental , as\u00ed como la de profesionales de la comunicaci\u00f3n que contribuyen con su trabajo a proteger el patrimonio natural.<\/p>\n\n\n\n<p>Se contempla <strong>tres modalidades<\/strong> de premios:<\/p>\n\n\n\n<p><strong>Actuaciones en Conservaci\u00f3n de la Biodiversidad en Espa\u00f1a<\/strong>, dotado con 250.000 euros.<\/p>\n\n\n\n<p><strong>Actuaciones en Conservaci\u00f3n de la Biodiversidad en el Mundo<\/strong>, dotado con 250.000 euros.<\/p>\n\n\n\n<p><strong>Difusi\u00f3n del Conocimiento y Sensibilizaci\u00f3n en la Conservaci\u00f3n de la Biodiversidad en Espa\u00f1a<\/strong>, dotado con 80.000 euros.<\/p>\n\n\n\n<h4 class=\"wp-block-heading\">Fecha l\u00edmite de recepci\u00f3n de candidaturas: <strong>31 de marzo de 2021 a las 12.00 <\/strong>(hora peninsular espa\u00f1ola.<\/h4>\n\n\n\n<h4 class=\"wp-block-heading\">Las Bases de la convocatoria y formularios de solicitud est\u00e1n en las siguientes direcciones: :<a rel=\"noreferrer noopener\" href=\"http:\/\/www.biophilia-fbbva.es\/\" target=\"_blank\">www.biophilia-fbbva.es<\/a> ; <a rel=\"noreferrer noopener\" href=\"http:\/\/www.biophilia-fbbva.es\/en\/\" target=\"_blank\">www.biophilia-fbbva.es\/en\/<\/a><\/h4>\n\n\n\n<p><\/p>\n","protected":false},"excerpt":{"rendered":"<p>Fundaci\u00f3n BBVA . Premios a la conservaci\u00f3n de la Biodiversidad<\/p>\n","protected":false},"author":12,"featured_media":8125,"comment_status":"closed","ping_status":"closed","sticky":false,"template":"","format":"standard","meta":{"_jetpack_memberships_contains_paid_content":false,"footnotes":"","jetpack_publicize_message":"","jetpack_publicize_feature_enabled":true,"jetpack_social_post_already_shared":true,"jetpack_social_options":{"image_generator_settings":{"template":"highway","default_image_id":0,"font":"","enabled":false},"version":2}},"categories":[1],"tags":[993,1005,1006],"class_list":["post-8124","post","type-post","status-publish","format-standard","has-post-thumbnail","hentry","category-noticias","tag-boletin-12-diciembre-2020","tag-fundacion-bbva","tag-premios-a-la-conservacion","item-wrap"],"jetpack_publicize_connections":[],"jetpack_featured_media_url":"https:\/\/i0.wp.com\/cebem.org\/wp-content\/uploads\/2020\/12\/Fundacion-BBVA.png?fit=666%2C375&ssl=1","jetpack_sharing_enabled":true,"_links":{"self":[{"href":"https:\/\/cebem.org\/index.php?rest_route=\/wp\/v2\/posts\/8124","targetHints":{"allow":["GET"]}}],"collection":[{"href":"https:\/\/cebem.org\/index.php?rest_route=\/wp\/v2\/posts"}],"about":[{"href":"https:\/\/cebem.org\/index.php?rest_route=\/wp\/v2\/types\/post"}],"author":[{"embeddable":true,"href":"https:\/\/cebem.org\/index.php?rest_route=\/wp\/v2\/users\/12"}],"replies":[{"embeddable":true,"href":"https:\/\/cebem.org\/index.php?rest_route=%2Fwp%2Fv2%2Fcomments&post=8124"}],"version-history":[{"count":1,"href":"https:\/\/cebem.org\/index.php?rest_route=\/wp\/v2\/posts\/8124\/revisions"}],"predecessor-version":[{"id":8126,"href":"https:\/\/cebem.org\/index.php?rest_route=\/wp\/v2\/posts\/8124\/revisions\/8126"}],"wp:featuredmedia":[{"embeddable":true,"href":"https:\/\/cebem.org\/index.php?rest_route=\/wp\/v2\/media\/8125"}],"wp:attachment":[{"href":"https:\/\/cebem.org\/index.php?rest_route=%2Fwp%2Fv2%2Fmedia&parent=8124"}],"wp:term":[{"taxonomy":"category","embeddable":true,"href":"https:\/\/cebem.org\/index.php?rest_route=%2Fwp%2Fv2%2Fcategories&post=8124"},{"taxonomy":"post_tag","embeddable":true,"href":"https:\/\/cebem.org\/index.php?rest_route=%2Fwp%2Fv2%2Ftags&post=8124"}],"curies":[{"name":"wp","href":"https:\/\/api.w.org\/{rel}","templated":true}]}}