
{"id":8103,"date":"2020-11-30T21:43:39","date_gmt":"2020-12-01T01:43:39","guid":{"rendered":"https:\/\/cebem.org\/?p=8103"},"modified":"2020-11-30T21:43:40","modified_gmt":"2020-12-01T01:43:40","slug":"conferencia-en-linea-fortaleciendo-capacidades-locales-para-la-reduccion-de-desastres-y-adaptacion","status":"publish","type":"post","link":"https:\/\/cebem.org\/?p=8103","title":{"rendered":"Conferencia en l\u00ednea \u00abFortaleciendo capacidades locales para la reducci\u00f3n de desastres y adaptaci\u00f3n\u00bb"},"content":{"rendered":"\n<figure class=\"wp-block-image size-large\"><img data-recalc-dims=\"1\" fetchpriority=\"high\" decoding=\"async\" width=\"750\" height=\"563\" src=\"https:\/\/i0.wp.com\/cebem.org\/wp-content\/uploads\/2020\/11\/Invitacion-evento-publico-en-general-30112020.jpg?resize=750%2C563&#038;ssl=1\" alt=\"\" class=\"wp-image-8104\" srcset=\"https:\/\/i0.wp.com\/cebem.org\/wp-content\/uploads\/2020\/11\/Invitacion-evento-publico-en-general-30112020.jpg?resize=1024%2C768&amp;ssl=1 1024w, https:\/\/i0.wp.com\/cebem.org\/wp-content\/uploads\/2020\/11\/Invitacion-evento-publico-en-general-30112020.jpg?resize=300%2C225&amp;ssl=1 300w, https:\/\/i0.wp.com\/cebem.org\/wp-content\/uploads\/2020\/11\/Invitacion-evento-publico-en-general-30112020.jpg?resize=768%2C576&amp;ssl=1 768w, https:\/\/i0.wp.com\/cebem.org\/wp-content\/uploads\/2020\/11\/Invitacion-evento-publico-en-general-30112020.jpg?resize=600%2C450&amp;ssl=1 600w, https:\/\/i0.wp.com\/cebem.org\/wp-content\/uploads\/2020\/11\/Invitacion-evento-publico-en-general-30112020.jpg?resize=750%2C563&amp;ssl=1 750w, https:\/\/i0.wp.com\/cebem.org\/wp-content\/uploads\/2020\/11\/Invitacion-evento-publico-en-general-30112020.jpg?w=1181&amp;ssl=1 1181w\" sizes=\"(max-width: 750px) 100vw, 750px\" \/><\/figure>\n\n\n\n<p class=\"has-text-align-justify\">LIDEMA, con el apoyo de la cooperaci\u00f3n alemana y la embajada de la Rep\u00fablica Federal de Alemania, desarrollar\u00e1 dos ciclos de conferencias.<\/p>\n\n\n\n<p>En estos dos ciclos abordaremos los siguientes temas:<\/p>\n\n\n\n<p>Conferencia 1: DIA 1: Cambio clim\u00e1tico, gesti\u00f3n de riesgo de desastres; DIA 2: Cambio clim\u00e1tico, capacidad adaptativa.<\/p>\n\n\n\n<p>Conferencia 2: DIA 1: La naturaleza como un aliado contra el cambio clim\u00e1tico, DIA 2: Contribuciones nacionales determinadas en Bolivia,<\/p>\n\n\n\n<h4 class=\"wp-block-heading\">Dias: 3 y 4 &#8211; 10 y 11 de diciembre de 2020.<\/h4>\n\n\n\n<h4 class=\"wp-block-heading\">Horas: 10:30 a.m. Bolivia.<\/h4>\n\n\n\n<h4 class=\"wp-block-heading\">Transmisi\u00f3n v\u00eda: Facebook LIDEMA , oficial\/live.<\/h4>\n\n\n\n<p><\/p>\n","protected":false},"excerpt":{"rendered":"<p>Invitaci\u00f3n  a participar de las Conferencias  \u00abFortaleciendo las capacidades locales para la reducci\u00f3n del riesgo de desastres y adaptaci\u00f3n<\/p>\n","protected":false},"author":12,"featured_media":8104,"comment_status":"closed","ping_status":"closed","sticky":false,"template":"","format":"standard","meta":{"_jetpack_memberships_contains_paid_content":false,"footnotes":"","jetpack_publicize_message":"","jetpack_publicize_feature_enabled":true,"jetpack_social_post_already_shared":true,"jetpack_social_options":{"image_generator_settings":{"template":"highway","default_image_id":0,"font":"","enabled":false},"version":2}},"categories":[34],"tags":[952,992],"class_list":["post-8103","post","type-post","status-publish","format-standard","has-post-thumbnail","hentry","category-eventos","tag-boletin-11-noviembre-2020-2","tag-conferencias-lidema","item-wrap"],"jetpack_publicize_connections":[],"jetpack_featured_media_url":"https:\/\/i0.wp.com\/cebem.org\/wp-content\/uploads\/2020\/11\/Invitacion-evento-publico-en-general-30112020.jpg?fit=1181%2C886&ssl=1","jetpack_sharing_enabled":true,"_links":{"self":[{"href":"https:\/\/cebem.org\/index.php?rest_route=\/wp\/v2\/posts\/8103","targetHints":{"allow":["GET"]}}],"collection":[{"href":"https:\/\/cebem.org\/index.php?rest_route=\/wp\/v2\/posts"}],"about":[{"href":"https:\/\/cebem.org\/index.php?rest_route=\/wp\/v2\/types\/post"}],"author":[{"embeddable":true,"href":"https:\/\/cebem.org\/index.php?rest_route=\/wp\/v2\/users\/12"}],"replies":[{"embeddable":true,"href":"https:\/\/cebem.org\/index.php?rest_route=%2Fwp%2Fv2%2Fcomments&post=8103"}],"version-history":[{"count":2,"href":"https:\/\/cebem.org\/index.php?rest_route=\/wp\/v2\/posts\/8103\/revisions"}],"predecessor-version":[{"id":8106,"href":"https:\/\/cebem.org\/index.php?rest_route=\/wp\/v2\/posts\/8103\/revisions\/8106"}],"wp:featuredmedia":[{"embeddable":true,"href":"https:\/\/cebem.org\/index.php?rest_route=\/wp\/v2\/media\/8104"}],"wp:attachment":[{"href":"https:\/\/cebem.org\/index.php?rest_route=%2Fwp%2Fv2%2Fmedia&parent=8103"}],"wp:term":[{"taxonomy":"category","embeddable":true,"href":"https:\/\/cebem.org\/index.php?rest_route=%2Fwp%2Fv2%2Fcategories&post=8103"},{"taxonomy":"post_tag","embeddable":true,"href":"https:\/\/cebem.org\/index.php?rest_route=%2Fwp%2Fv2%2Ftags&post=8103"}],"curies":[{"name":"wp","href":"https:\/\/api.w.org\/{rel}","templated":true}]}}