
{"id":8053,"date":"2020-11-16T14:53:09","date_gmt":"2020-11-16T18:53:09","guid":{"rendered":"https:\/\/cebem.org\/?p=8053"},"modified":"2020-11-16T15:18:11","modified_gmt":"2020-11-16T19:18:11","slug":"hospital-verde-jardin-y-huerta-organica-como-alternativa-terapeutica-para-pacientes-con-patologias-psiquiatricas","status":"publish","type":"post","link":"https:\/\/cebem.org\/?p=8053","title":{"rendered":"Hospital Verde: Jard\u00edn y huerta org\u00e1nica como alternativa terap\u00e9utica para pacientes con patolog\u00edas psiqui\u00e1tricas"},"content":{"rendered":"\n<div class=\"wp-block-image\"><figure class=\"aligncenter size-large\"><img data-recalc-dims=\"1\" fetchpriority=\"high\" decoding=\"async\" width=\"750\" height=\"459\" src=\"https:\/\/i0.wp.com\/cebem.org\/wp-content\/uploads\/2020\/11\/huerta-alvear_0.jpg?resize=750%2C459&#038;ssl=1\" alt=\"\" class=\"wp-image-8054\" srcset=\"https:\/\/i0.wp.com\/cebem.org\/wp-content\/uploads\/2020\/11\/huerta-alvear_0.jpg?resize=1024%2C627&amp;ssl=1 1024w, https:\/\/i0.wp.com\/cebem.org\/wp-content\/uploads\/2020\/11\/huerta-alvear_0.jpg?resize=300%2C184&amp;ssl=1 300w, https:\/\/i0.wp.com\/cebem.org\/wp-content\/uploads\/2020\/11\/huerta-alvear_0.jpg?resize=768%2C470&amp;ssl=1 768w, https:\/\/i0.wp.com\/cebem.org\/wp-content\/uploads\/2020\/11\/huerta-alvear_0.jpg?resize=600%2C368&amp;ssl=1 600w, https:\/\/i0.wp.com\/cebem.org\/wp-content\/uploads\/2020\/11\/huerta-alvear_0.jpg?resize=750%2C459&amp;ssl=1 750w, https:\/\/i0.wp.com\/cebem.org\/wp-content\/uploads\/2020\/11\/huerta-alvear_0.jpg?w=1200&amp;ssl=1 1200w\" sizes=\"(max-width: 750px) 100vw, 750px\" \/><\/figure><\/div>\n\n\n\n<p class=\"has-text-align-justify\">Desde 2019, un equipo interdisciplinario compuesto por docentes y estudiantes de la Facultad de Agronom\u00eda de la UBA, junto con personal profesional (psic\u00f3logos, terapistas ocupacionales, asistentes sociales y psiquiatras) del Hospital de Emergencias Psiqui\u00e1tricas \u201cTorcuato de Alvear\u201d, ubicado en el barrio porte\u00f1o de La Paternal, desarrollan huertas y jardines urbanos y org\u00e1nicos como alternativa terap\u00e9utica para pacientes con patolog\u00edas psiqui\u00e1tricas.&nbsp;<\/p>\n\n\n\n<h4 class=\"wp-block-heading\">Una mayor informaci\u00f3n sobre la noticia en la <a rel=\"noreferrer noopener\" href=\"http:\/\/www.agro.uba.ar\/noticias\" target=\"_blank\">Pagina WEB<\/a><\/h4>\n\n\n\n<p><\/p>\n","protected":false},"excerpt":{"rendered":"<p>FAUBA busca la integraci\u00f3n de pacientes que asisten al Hospital de Emergencias Psiqui\u00e1tricas Torcuato de Alvear, a trav\u00e9s de la realizaci\u00f3n de actividades recreativas y productivas que fomenten el desarrollo de habilidades sociales. <\/p>\n","protected":false},"author":12,"featured_media":8054,"comment_status":"closed","ping_status":"closed","sticky":false,"template":"","format":"standard","meta":{"_jetpack_memberships_contains_paid_content":false,"footnotes":"","jetpack_publicize_message":"","jetpack_publicize_feature_enabled":true,"jetpack_social_post_already_shared":true,"jetpack_social_options":{"image_generator_settings":{"template":"highway","default_image_id":0,"font":"","enabled":false},"version":2}},"categories":[1],"tags":[976,952,977],"class_list":["post-8053","post","type-post","status-publish","format-standard","has-post-thumbnail","hentry","category-noticias","tag-alternativa-terapeutica","tag-boletin-11-noviembre-2020-2","tag-proyecto-fauba-alvear","item-wrap"],"jetpack_publicize_connections":[],"jetpack_featured_media_url":"https:\/\/i0.wp.com\/cebem.org\/wp-content\/uploads\/2020\/11\/huerta-alvear_0.jpg?fit=1200%2C735&ssl=1","jetpack_sharing_enabled":true,"_links":{"self":[{"href":"https:\/\/cebem.org\/index.php?rest_route=\/wp\/v2\/posts\/8053","targetHints":{"allow":["GET"]}}],"collection":[{"href":"https:\/\/cebem.org\/index.php?rest_route=\/wp\/v2\/posts"}],"about":[{"href":"https:\/\/cebem.org\/index.php?rest_route=\/wp\/v2\/types\/post"}],"author":[{"embeddable":true,"href":"https:\/\/cebem.org\/index.php?rest_route=\/wp\/v2\/users\/12"}],"replies":[{"embeddable":true,"href":"https:\/\/cebem.org\/index.php?rest_route=%2Fwp%2Fv2%2Fcomments&post=8053"}],"version-history":[{"count":4,"href":"https:\/\/cebem.org\/index.php?rest_route=\/wp\/v2\/posts\/8053\/revisions"}],"predecessor-version":[{"id":8058,"href":"https:\/\/cebem.org\/index.php?rest_route=\/wp\/v2\/posts\/8053\/revisions\/8058"}],"wp:featuredmedia":[{"embeddable":true,"href":"https:\/\/cebem.org\/index.php?rest_route=\/wp\/v2\/media\/8054"}],"wp:attachment":[{"href":"https:\/\/cebem.org\/index.php?rest_route=%2Fwp%2Fv2%2Fmedia&parent=8053"}],"wp:term":[{"taxonomy":"category","embeddable":true,"href":"https:\/\/cebem.org\/index.php?rest_route=%2Fwp%2Fv2%2Fcategories&post=8053"},{"taxonomy":"post_tag","embeddable":true,"href":"https:\/\/cebem.org\/index.php?rest_route=%2Fwp%2Fv2%2Ftags&post=8053"}],"curies":[{"name":"wp","href":"https:\/\/api.w.org\/{rel}","templated":true}]}}