
{"id":804,"date":"2016-05-03T16:39:52","date_gmt":"2016-05-03T20:39:52","guid":{"rendered":"http:\/\/cebem.org\/?p=804"},"modified":"2016-05-03T16:49:26","modified_gmt":"2016-05-03T20:49:26","slug":"convocatoria-iv-congreso-internacional-de-la-red-universidad-empresa-alcue","status":"publish","type":"post","link":"https:\/\/cebem.org\/?p=804","title":{"rendered":"Convocatoria \u00abIV Congreso Internacional de la Red Universidad-Empresa ALCUE\u00bb"},"content":{"rendered":"<p>La Red Universidad-Empresa ALCUE, en conjunto con el CEI BioTic de la Universidad de Granada (UGR) y la Uni\u00f3n de Universidades de Am\u00e9rica Latina y el Caribe (UDUAL), convocan el IV Congreso Internacional de la Red bajo el lema \u201cEcosistemas de innovaci\u00f3n y Vinculaci\u00f3n Uni\u00f3n Europea-Latinoam\u00e9rica (VUELA)\u201d e invita a <strong>participar con una ponencia o bien como asistente en la Conferencia acad\u00e9mica que se llevar\u00e1 a cabo del 26 al 28 de octubre.<\/strong><\/p>\n<p><strong>Ejes tem\u00e1ticos de la Conferencia:<\/strong><\/p>\n<ul>\n<li>Estructura organizativa de la vinculaci\u00f3n y la transferencia<\/li>\n<li>Transferencia de conocimiento y tecnolog\u00eda<\/li>\n<li>Aprendizaje permanente y Emprendimiento<\/li>\n<li>Vigilancia e Inteligencia estrat\u00e9gica<\/li>\n<li>Ecosistemas de innovaci\u00f3n y PYMES<\/li>\n<\/ul>\n<h4>Podr\u00e1s encontrar mayor informaci\u00f3n en: <a href=\"http:\/\/congresos.ugr.es\/reduealcue\/\" target=\"_blank\">http:\/\/congresos.ugr.es\/reduealcue\/<\/a><\/h4>\n<h4>O escr\u00edbenos a <a href=\"mailto:congresoreduealcue@ugr.es\" target=\"_blank\">congresoreduealcue@ugr.es<\/a><\/h4>\n","protected":false},"excerpt":{"rendered":"<p>La Red Universidad-Empresa ALCUE, en conjunto con el CEI BioTic de la Universidad de Granada (UGR) y la Uni\u00f3n de Universidades de Am\u00e9rica Latina y el Caribe (UDUAL), convocan el IV Congreso Internacional de la Red bajo el lema \u201cEcosistemas de innovaci\u00f3n y Vinculaci\u00f3n Uni\u00f3n Europea-Latinoam\u00e9rica (VUELA)\u201d e invita a participar con una ponencia o &hellip; <\/p>\n<p><a class=\"more-link btn\" href=\"https:\/\/cebem.org\/?p=804\">Seguir leyendo<\/a><\/p>\n","protected":false},"author":2,"featured_media":805,"comment_status":"closed","ping_status":"closed","sticky":false,"template":"","format":"standard","meta":{"_jetpack_memberships_contains_paid_content":false,"footnotes":"","jetpack_publicize_message":"","jetpack_publicize_feature_enabled":true,"jetpack_social_post_already_shared":true,"jetpack_social_options":{"image_generator_settings":{"template":"highway","default_image_id":0,"font":"","enabled":false},"version":2}},"categories":[8],"tags":[33,15,13],"class_list":["post-804","post","type-post","status-publish","format-standard","has-post-thumbnail","hentry","category-convocatorias","tag-boletin-3-abril-2016","tag-congreso","tag-evento","item-wrap"],"jetpack_publicize_connections":[],"jetpack_featured_media_url":"https:\/\/i0.wp.com\/cebem.org\/wp-content\/uploads\/2016\/05\/alcue.png?fit=1195%2C638&ssl=1","jetpack_sharing_enabled":true,"_links":{"self":[{"href":"https:\/\/cebem.org\/index.php?rest_route=\/wp\/v2\/posts\/804","targetHints":{"allow":["GET"]}}],"collection":[{"href":"https:\/\/cebem.org\/index.php?rest_route=\/wp\/v2\/posts"}],"about":[{"href":"https:\/\/cebem.org\/index.php?rest_route=\/wp\/v2\/types\/post"}],"author":[{"embeddable":true,"href":"https:\/\/cebem.org\/index.php?rest_route=\/wp\/v2\/users\/2"}],"replies":[{"embeddable":true,"href":"https:\/\/cebem.org\/index.php?rest_route=%2Fwp%2Fv2%2Fcomments&post=804"}],"version-history":[{"count":2,"href":"https:\/\/cebem.org\/index.php?rest_route=\/wp\/v2\/posts\/804\/revisions"}],"predecessor-version":[{"id":807,"href":"https:\/\/cebem.org\/index.php?rest_route=\/wp\/v2\/posts\/804\/revisions\/807"}],"wp:featuredmedia":[{"embeddable":true,"href":"https:\/\/cebem.org\/index.php?rest_route=\/wp\/v2\/media\/805"}],"wp:attachment":[{"href":"https:\/\/cebem.org\/index.php?rest_route=%2Fwp%2Fv2%2Fmedia&parent=804"}],"wp:term":[{"taxonomy":"category","embeddable":true,"href":"https:\/\/cebem.org\/index.php?rest_route=%2Fwp%2Fv2%2Fcategories&post=804"},{"taxonomy":"post_tag","embeddable":true,"href":"https:\/\/cebem.org\/index.php?rest_route=%2Fwp%2Fv2%2Ftags&post=804"}],"curies":[{"name":"wp","href":"https:\/\/api.w.org\/{rel}","templated":true}]}}