
{"id":798,"date":"2016-05-03T15:53:18","date_gmt":"2016-05-03T19:53:18","guid":{"rendered":"http:\/\/cebem.org\/?p=798"},"modified":"2016-05-03T15:55:07","modified_gmt":"2016-05-03T19:55:07","slug":"libro-rojo-de-la-flora-amenazada-de-bolivia","status":"publish","type":"post","link":"https:\/\/cebem.org\/?p=798","title":{"rendered":"Libro Rojo de la Flora amenazada de Bolivia"},"content":{"rendered":"<p><strong>PRESENTACI\u00d3N<\/strong><\/p>\n<p>Incrementar el conocimiento sobre la diversidad biol\u00f3gica de un pa\u00eds de gran riqueza natural y cultural como el nuestro, y contribuir a la gesti\u00f3n sustentable de los recursos naturales contribuyendo a la reducci\u00f3n de la pobreza, no es s\u00f3lo una gran necesidad, sino tambi\u00e9n un gran reto.<\/p>\n<p>En este sentido, el Viceministerio de Medio Ambiente, Biodiversidad, Cambios Clim\u00e1ticos y de Gesti\u00f3n y Desarrollo Forestal, a trav\u00e9s de la Direcci\u00f3n General de Biodiversidad y \u00c1reas Protegidas, se complace en presentar el presente \u201cLibro Rojo de la Flora amenazada de Bolivia, Volumen I: Zona Andina\u201d; cuya publicaci\u00f3n representa un paso importante para el entendimiento de la situaci\u00f3n real de las amenazas para la diversidad flor\u00edstica en el pa\u00eds.<\/p>\n<p>Este libro contiene informaci\u00f3n sobre 339 especies evaluadas por investigadores bolivianos, quienes tras haber analizado toda la informaci\u00f3n disponible, han realizado la complicada tarea de evaluar el grado de amenaza de las especies, aplicando la metodolog\u00eda (criterios y categor\u00edas) recomendada por la UICN y la Metodolog\u00eda de Ajuste por Expertos (MAE). La publicaci\u00f3n contiene toda la informaci\u00f3n relevante conocida hasta la fecha sobre la situaci\u00f3n actual de la flora de la regi\u00f3n andina del pa\u00eds, as\u00ed como el estado de conservaci\u00f3n y las amenazas de cada una de las especies listadas.<\/p>\n<p>Asimismo, contiene informaci\u00f3n que permite emprender acciones concretas de conservaci\u00f3n y uso, que pueden contribuir a la supervivencia de las especies aqu\u00ed incluidas; es un instrumento que facilitar\u00e1 en la toma de decisiones a los encargados de la gesti\u00f3n de los recursos naturales en los niveles nacional, departamental, municipal y de autonom\u00edas ind\u00edgenas, para concretar planes, programas y proyectos que contribuyan con acciones para la conservaci\u00f3n; uso y el aprovechamiento sustentable de la flora a nivel nacional.<\/p>\n<p>Las instituciones bolivianas que contribuyeron en la elaboraci\u00f3n del presente libro son: el Herbario Nacional de Bolivia de la Universidad Mayor de San Andr\u00e9s (UMSA); el Herbario Nacional Forestal Mart\u00edn C\u00e1rdenas, del Centro de Biodiversidad y Gen\u00e9tica, de la Universidad Mayor de San Sim\u00f3n (UMSS); el Museo de Historia Natural Noel Kempff Mercado, de la Universidad Aut\u00f3noma Gabriel Ren\u00e9 Moreno (UAGRM); Herbario del Sur de Bolivia, de la Universidad Mayor Pontificia de San Francisco Xavier, y el Herbario Regional Andino de Oruro (ORU).<\/p>\n<p>En este contexto, invitamos a todo el pueblo boliviano, estudiante, universitario, comunidad cient\u00edfica, organizaciones sociales, municipios, departamento, personas e instituciones encargadas de la administraci\u00f3n y planificaci\u00f3n de la conservaci\u00f3n y el manejo de la biodiversidad a apropiarse de este importante instrumento para el desarrollo integral nacional en el marco del respeto a la Madre Tierra. Lic. Jos\u00e9 Antonio Zamora Guti\u00e9rrez Ministro de Medio Ambiente y Agua Ing. For. Juan Pablo Cardozo Arnez Viceministro de Medio Ambiente, Biodiversidad, Cambios Clim\u00e1ticos y de Gesti\u00f3n y Desarrollo Forestal<\/p>\n<h4><strong><a href=\"https:\/\/diversidadentrependientes.wordpress.com\/2015\/01\/23\/libro-rojo-de-la-flora-amenazada-de-bolivia\/\" target=\"_blank\">M\u00e1s informaci\u00f3n<\/a><\/strong><\/h4>\n","protected":false},"excerpt":{"rendered":"<p>PRESENTACI\u00d3N Incrementar el conocimiento sobre la diversidad biol\u00f3gica de un pa\u00eds de gran riqueza natural y cultural como el nuestro, y contribuir a la gesti\u00f3n sustentable de los recursos naturales contribuyendo a la reducci\u00f3n de la pobreza, no es s\u00f3lo una gran necesidad, sino tambi\u00e9n un gran reto. En este sentido, el Viceministerio de Medio &hellip; <\/p>\n<p><a class=\"more-link btn\" href=\"https:\/\/cebem.org\/?p=798\">Seguir leyendo<\/a><\/p>\n","protected":false},"author":2,"featured_media":799,"comment_status":"closed","ping_status":"closed","sticky":false,"template":"","format":"standard","meta":{"_jetpack_memberships_contains_paid_content":false,"footnotes":"","jetpack_publicize_message":"","jetpack_publicize_feature_enabled":true,"jetpack_social_post_already_shared":true,"jetpack_social_options":{"image_generator_settings":{"template":"highway","default_image_id":0,"font":"","enabled":false},"version":2}},"categories":[7],"tags":[33,35],"class_list":["post-798","post","type-post","status-publish","format-standard","has-post-thumbnail","hentry","category-otras-publicaciones","tag-boletin-3-abril-2016","tag-bolivia","item-wrap"],"jetpack_publicize_connections":[],"jetpack_featured_media_url":"https:\/\/i0.wp.com\/cebem.org\/wp-content\/uploads\/2016\/05\/libro-rojo-de-la-flora-andina-de-bolivia-1-1024.jpg?fit=869%2C1143&ssl=1","jetpack_sharing_enabled":true,"_links":{"self":[{"href":"https:\/\/cebem.org\/index.php?rest_route=\/wp\/v2\/posts\/798","targetHints":{"allow":["GET"]}}],"collection":[{"href":"https:\/\/cebem.org\/index.php?rest_route=\/wp\/v2\/posts"}],"about":[{"href":"https:\/\/cebem.org\/index.php?rest_route=\/wp\/v2\/types\/post"}],"author":[{"embeddable":true,"href":"https:\/\/cebem.org\/index.php?rest_route=\/wp\/v2\/users\/2"}],"replies":[{"embeddable":true,"href":"https:\/\/cebem.org\/index.php?rest_route=%2Fwp%2Fv2%2Fcomments&post=798"}],"version-history":[{"count":1,"href":"https:\/\/cebem.org\/index.php?rest_route=\/wp\/v2\/posts\/798\/revisions"}],"predecessor-version":[{"id":800,"href":"https:\/\/cebem.org\/index.php?rest_route=\/wp\/v2\/posts\/798\/revisions\/800"}],"wp:featuredmedia":[{"embeddable":true,"href":"https:\/\/cebem.org\/index.php?rest_route=\/wp\/v2\/media\/799"}],"wp:attachment":[{"href":"https:\/\/cebem.org\/index.php?rest_route=%2Fwp%2Fv2%2Fmedia&parent=798"}],"wp:term":[{"taxonomy":"category","embeddable":true,"href":"https:\/\/cebem.org\/index.php?rest_route=%2Fwp%2Fv2%2Fcategories&post=798"},{"taxonomy":"post_tag","embeddable":true,"href":"https:\/\/cebem.org\/index.php?rest_route=%2Fwp%2Fv2%2Ftags&post=798"}],"curies":[{"name":"wp","href":"https:\/\/api.w.org\/{rel}","templated":true}]}}