
{"id":7871,"date":"2020-09-24T21:24:04","date_gmt":"2020-09-25T01:24:04","guid":{"rendered":"https:\/\/cebem.org\/?p=7871"},"modified":"2020-09-24T21:24:05","modified_gmt":"2020-09-25T01:24:05","slug":"publicaciones-de-la-cepal-seleccion-tematica-sobre-desarrollo-social","status":"publish","type":"post","link":"https:\/\/cebem.org\/?p=7871","title":{"rendered":"Publicaciones de la CEPAL: Selecci\u00f3n tem\u00e1tica sobre Desarrollo social"},"content":{"rendered":"\n<div class=\"wp-block-image\"><figure class=\"aligncenter size-large\"><img data-recalc-dims=\"1\" fetchpriority=\"high\" decoding=\"async\" width=\"556\" height=\"506\" src=\"https:\/\/i0.wp.com\/cebem.org\/wp-content\/uploads\/2020\/09\/varios-libros.jpg?resize=556%2C506&#038;ssl=1\" alt=\"\" class=\"wp-image-7874\" srcset=\"https:\/\/i0.wp.com\/cebem.org\/wp-content\/uploads\/2020\/09\/varios-libros.jpg?w=556&amp;ssl=1 556w, https:\/\/i0.wp.com\/cebem.org\/wp-content\/uploads\/2020\/09\/varios-libros.jpg?resize=300%2C273&amp;ssl=1 300w\" sizes=\"(max-width: 556px) 100vw, 556px\" \/><\/figure><\/div>\n\n\n\n<p>La Comisi\u00f3n Econ\u00f3mica para Am\u00e9rica Latina y el Caribe (CEPAL), pone a disposici\u00f3n de los lectores lo m\u00e1s destacado de su \u00a0producci\u00f3n intelectual reciente.<\/p>\n\n\n\n<h4 class=\"wp-block-heading\">Mayor informaci\u00f3n en el siguiente <a href=\"https:\/\/www.cepal.org\/es\/publications\" target=\"_blank\" rel=\"noreferrer noopener\">link<\/a><\/h4>\n\n\n\n<p><\/p>\n","protected":false},"excerpt":{"rendered":"<p>Publicaciones recientes de la CEPAL. <\/p>\n","protected":false},"author":12,"featured_media":7874,"comment_status":"closed","ping_status":"closed","sticky":false,"template":"","format":"standard","meta":{"_jetpack_memberships_contains_paid_content":false,"footnotes":"","jetpack_publicize_message":"","jetpack_publicize_feature_enabled":true,"jetpack_social_post_already_shared":true,"jetpack_social_options":{"image_generator_settings":{"template":"highway","default_image_id":0,"font":"","enabled":false},"version":2}},"categories":[7],"tags":[818,185,399,878],"class_list":["post-7871","post","type-post","status-publish","format-standard","has-post-thumbnail","hentry","category-otras-publicaciones","tag-boletin-9-septiembre-2020","tag-cepal","tag-publicaciones","tag-recientes","item-wrap"],"jetpack_publicize_connections":[],"jetpack_featured_media_url":"https:\/\/i0.wp.com\/cebem.org\/wp-content\/uploads\/2020\/09\/varios-libros.jpg?fit=556%2C506&ssl=1","jetpack_sharing_enabled":true,"_links":{"self":[{"href":"https:\/\/cebem.org\/index.php?rest_route=\/wp\/v2\/posts\/7871","targetHints":{"allow":["GET"]}}],"collection":[{"href":"https:\/\/cebem.org\/index.php?rest_route=\/wp\/v2\/posts"}],"about":[{"href":"https:\/\/cebem.org\/index.php?rest_route=\/wp\/v2\/types\/post"}],"author":[{"embeddable":true,"href":"https:\/\/cebem.org\/index.php?rest_route=\/wp\/v2\/users\/12"}],"replies":[{"embeddable":true,"href":"https:\/\/cebem.org\/index.php?rest_route=%2Fwp%2Fv2%2Fcomments&post=7871"}],"version-history":[{"count":4,"href":"https:\/\/cebem.org\/index.php?rest_route=\/wp\/v2\/posts\/7871\/revisions"}],"predecessor-version":[{"id":7877,"href":"https:\/\/cebem.org\/index.php?rest_route=\/wp\/v2\/posts\/7871\/revisions\/7877"}],"wp:featuredmedia":[{"embeddable":true,"href":"https:\/\/cebem.org\/index.php?rest_route=\/wp\/v2\/media\/7874"}],"wp:attachment":[{"href":"https:\/\/cebem.org\/index.php?rest_route=%2Fwp%2Fv2%2Fmedia&parent=7871"}],"wp:term":[{"taxonomy":"category","embeddable":true,"href":"https:\/\/cebem.org\/index.php?rest_route=%2Fwp%2Fv2%2Fcategories&post=7871"},{"taxonomy":"post_tag","embeddable":true,"href":"https:\/\/cebem.org\/index.php?rest_route=%2Fwp%2Fv2%2Ftags&post=7871"}],"curies":[{"name":"wp","href":"https:\/\/api.w.org\/{rel}","templated":true}]}}