
{"id":7767,"date":"2020-09-07T18:20:23","date_gmt":"2020-09-07T22:20:23","guid":{"rendered":"https:\/\/cebem.org\/?p=7767"},"modified":"2020-09-08T21:12:17","modified_gmt":"2020-09-09T01:12:17","slug":"webinar-el-rol-de-los-medios-de-comunicacion-para-lograr-una-sociedad-inclusiva","status":"publish","type":"post","link":"https:\/\/cebem.org\/?p=7767","title":{"rendered":"Webinar: El rol de los medios de comunicaci\u00f3n para lograr una sociedad inclusiva."},"content":{"rendered":"\n<div class=\"wp-block-image\"><figure class=\"aligncenter size-large\"><img data-recalc-dims=\"1\" fetchpriority=\"high\" decoding=\"async\" width=\"430\" height=\"430\" src=\"https:\/\/i0.wp.com\/cebem.org\/wp-content\/uploads\/2020\/09\/Webinar-de-comunicacion.png?resize=430%2C430&#038;ssl=1\" alt=\"\" class=\"wp-image-7768\" srcset=\"https:\/\/i0.wp.com\/cebem.org\/wp-content\/uploads\/2020\/09\/Webinar-de-comunicacion.png?w=430&amp;ssl=1 430w, https:\/\/i0.wp.com\/cebem.org\/wp-content\/uploads\/2020\/09\/Webinar-de-comunicacion.png?resize=300%2C300&amp;ssl=1 300w, https:\/\/i0.wp.com\/cebem.org\/wp-content\/uploads\/2020\/09\/Webinar-de-comunicacion.png?resize=150%2C150&amp;ssl=1 150w\" sizes=\"(max-width: 430px) 100vw, 430px\" \/><\/figure><\/div>\n\n\n\n<p class=\"has-text-align-justify\">En el marco de nuestro programa: \u00abConvivencia saludable\u00bb, estaremos conversando sobre el papel fundamental de los profesionales de Ciencias de la Comunicaci\u00f3n para lograr una sociedad con menos desigualdades, a partir de un an\u00e1lisis de los mensajes que vemos en medios de comunicaci\u00f3n.<\/p>\n\n\n\n<h4 class=\"wp-block-heading\">D\u00eda: viernes 11 de septiembre.<\/h4>\n\n\n\n<h4 class=\"wp-block-heading\">Hora: 5:00 p.m<\/h4>\n\n\n\n<h4 class=\"wp-block-heading\">V\u00eda: Zoom&nbsp;(previa inscripci\u00f3n)&nbsp;&nbsp;<a href=\"https:\/\/bit.ly\/3bjEUXP?fbclid=IwAR0g5p8Pm91heGshXKs5bOIiCwzw2ZKzhDUCR04tk3jNTQWGl95GOv_TPa0\" target=\"_blank\" rel=\"noreferrer noopener\">https:\/\/bit.ly\/3bjEUXP<\/a><\/h4>\n\n\n\n<p><\/p>\n","protected":false},"excerpt":{"rendered":"<p>En el marco de nuestro programa: \u00abConvivencia saludable\u00bb, estaremos conversando sobre el papel fundamental de los profesionales de Ciencias de la Comunicaci\u00f3n para lograr una sociedad con menos desigualdades, a partir de un an\u00e1lisis de los mensajes que vemos en medios de comunicaci\u00f3n.<\/p>\n","protected":false},"author":12,"featured_media":7768,"comment_status":"closed","ping_status":"closed","sticky":false,"template":"","format":"standard","meta":{"_jetpack_memberships_contains_paid_content":false,"footnotes":"","jetpack_publicize_message":"","jetpack_publicize_feature_enabled":true,"jetpack_social_post_already_shared":true,"jetpack_social_options":{"image_generator_settings":{"template":"highway","default_image_id":0,"font":"","enabled":false},"version":2}},"categories":[34],"tags":[818,827,147],"class_list":["post-7767","post","type-post","status-publish","format-standard","has-post-thumbnail","hentry","category-eventos","tag-boletin-9-septiembre-2020","tag-medios-de-comunicacion","tag-webinar","item-wrap"],"jetpack_publicize_connections":[],"jetpack_featured_media_url":"https:\/\/i0.wp.com\/cebem.org\/wp-content\/uploads\/2020\/09\/Webinar-de-comunicacion.png?fit=430%2C430&ssl=1","jetpack_sharing_enabled":true,"_links":{"self":[{"href":"https:\/\/cebem.org\/index.php?rest_route=\/wp\/v2\/posts\/7767","targetHints":{"allow":["GET"]}}],"collection":[{"href":"https:\/\/cebem.org\/index.php?rest_route=\/wp\/v2\/posts"}],"about":[{"href":"https:\/\/cebem.org\/index.php?rest_route=\/wp\/v2\/types\/post"}],"author":[{"embeddable":true,"href":"https:\/\/cebem.org\/index.php?rest_route=\/wp\/v2\/users\/12"}],"replies":[{"embeddable":true,"href":"https:\/\/cebem.org\/index.php?rest_route=%2Fwp%2Fv2%2Fcomments&post=7767"}],"version-history":[{"count":3,"href":"https:\/\/cebem.org\/index.php?rest_route=\/wp\/v2\/posts\/7767\/revisions"}],"predecessor-version":[{"id":7783,"href":"https:\/\/cebem.org\/index.php?rest_route=\/wp\/v2\/posts\/7767\/revisions\/7783"}],"wp:featuredmedia":[{"embeddable":true,"href":"https:\/\/cebem.org\/index.php?rest_route=\/wp\/v2\/media\/7768"}],"wp:attachment":[{"href":"https:\/\/cebem.org\/index.php?rest_route=%2Fwp%2Fv2%2Fmedia&parent=7767"}],"wp:term":[{"taxonomy":"category","embeddable":true,"href":"https:\/\/cebem.org\/index.php?rest_route=%2Fwp%2Fv2%2Fcategories&post=7767"},{"taxonomy":"post_tag","embeddable":true,"href":"https:\/\/cebem.org\/index.php?rest_route=%2Fwp%2Fv2%2Ftags&post=7767"}],"curies":[{"name":"wp","href":"https:\/\/api.w.org\/{rel}","templated":true}]}}