
{"id":7739,"date":"2020-09-01T17:28:29","date_gmt":"2020-09-01T21:28:29","guid":{"rendered":"https:\/\/cebem.org\/?p=7739"},"modified":"2020-11-14T20:12:40","modified_gmt":"2020-11-15T00:12:40","slug":"participa-como-asistente-del-congreso-virtual-desarrollo-sustentable-y-desafios-ambientales","status":"publish","type":"post","link":"https:\/\/cebem.org\/?p=7739","title":{"rendered":"PARTICIPA COMO ASISTENTE del Congreso Virtual \u201cDesarrollo sustentable y desaf\u00edos ambientales\u201d"},"content":{"rendered":"\n<div class=\"wp-block-image\"><figure class=\"aligncenter size-large\"><img data-recalc-dims=\"1\" fetchpriority=\"high\" decoding=\"async\" width=\"750\" height=\"393\" src=\"https:\/\/i0.wp.com\/cebem.org\/wp-content\/uploads\/2020\/09\/baner-web-asistente2020.jpg?resize=750%2C393&#038;ssl=1\" alt=\"\" class=\"wp-image-7740\" srcset=\"https:\/\/i0.wp.com\/cebem.org\/wp-content\/uploads\/2020\/09\/baner-web-asistente2020.jpg?resize=1024%2C536&amp;ssl=1 1024w, https:\/\/i0.wp.com\/cebem.org\/wp-content\/uploads\/2020\/09\/baner-web-asistente2020.jpg?resize=300%2C157&amp;ssl=1 300w, https:\/\/i0.wp.com\/cebem.org\/wp-content\/uploads\/2020\/09\/baner-web-asistente2020.jpg?resize=768%2C402&amp;ssl=1 768w, https:\/\/i0.wp.com\/cebem.org\/wp-content\/uploads\/2020\/09\/baner-web-asistente2020.jpg?resize=600%2C314&amp;ssl=1 600w, https:\/\/i0.wp.com\/cebem.org\/wp-content\/uploads\/2020\/09\/baner-web-asistente2020.jpg?resize=750%2C393&amp;ssl=1 750w, https:\/\/i0.wp.com\/cebem.org\/wp-content\/uploads\/2020\/09\/baner-web-asistente2020.jpg?w=1200&amp;ssl=1 1200w\" sizes=\"(max-width: 750px) 100vw, 750px\" \/><\/figure><\/div>\n\n\n\n<p class=\"has-text-align-center\"><strong>Desarrollo del congreso del 21 al 30 de septiembre de 2020<\/strong><\/p>\n\n\n\n<p>Le invitamos a participar de este importante evento, donde reuniremos <strong>m\u00e1s de 60 ponencias<\/strong> que recibimos de varios pa\u00edses como <strong>Bolivia, Argentina, M\u00e9xico, Colombia, Per\u00fa, Chile, Espa\u00f1a, Brasil y Ecuador<\/strong>. Todo esto bajo una revisi\u00f3n importante de parte de nuestro <strong><a rel=\"noreferrer noopener\" href=\"http:\/\/congresos.cebem.org\/comite-cientifico\/\" target=\"_blank\">Comit\u00e9 cient\u00edfico<\/a><\/strong>, avalando de esta manera la calidad de las ponencias.<\/p>\n\n\n\n<h4 class=\"wp-block-heading\"><strong>\u00bfDONDE SER\u00c1?<\/strong><\/h4>\n\n\n\n<p>El congreso se llevar\u00e1 de manera virtual ASINCR\u00d3NICA, es decir usted con un usuario y contrase\u00f1a que le brindaremos acceder\u00e1 a nuestro campus, donde los materiales de trabajo y foros de dialogo de <strong>todas las ponencias estar\u00e1n disponibles las 24 horas y durante todo el desarrollo del evento<\/strong>, esto le da el beneficio de poder asistir en el momento que desee a este espacio sin interrumpir sus actividades cotidianas.<\/p>\n\n\n\n<p>Los temas que avanzaremos de la mano de ponentes y conferencistas, bajo la modalidad de ponencias y poster est\u00e1n asociados a:<\/p>\n\n\n\n<ul class=\"wp-block-list\"><li>Transici\u00f3n energ\u00e9tica<\/li><li>Acci\u00f3n por el clima<\/li><li>Actores, alianzas y gobernanza ambiental<\/li><li>Ciudades y comunidades sostenibles<\/li><li>Producci\u00f3n y consumo responsable<\/li><li>Conservaci\u00f3n de vida marina y terrestre<\/li><li>Educaci\u00f3n Ambiental, Educaci\u00f3n de calidad y Educaci\u00f3n para la sostenibilidad<\/li><li>Desigualdades sociales, ambiente y salud<\/li><li>Prospectiva y Ambiente<\/li><\/ul>\n\n\n\n<h4 class=\"wp-block-heading\"><strong>\u00bfQU\u00c9 OBTENDR\u00c1?<\/strong><\/h4>\n\n\n\n<p>Con su inscripci\u00f3n tendr\u00e1 el acceso a todos los materiales del Congreso, as\u00ed como las publicaciones que emanar\u00e1n de el: Actas con las ponencias y sistematizaci\u00f3n de las actividades que se desarrollen.<\/p>\n\n\n\n<p>As\u00ed mismo se le otorgar\u00e1 un <strong>CERTIFICADO<\/strong> como participante, que recibir\u00e1 directamente a su correo electr\u00f3nico.<\/p>\n\n\n\n<div class=\"wp-block-image\"><figure class=\"aligncenter size-large is-resized\"><img decoding=\"async\" src=\"https:\/\/i1.wp.com\/congresos.cebem.org\/wp-content\/uploads\/2020\/04\/modelo-certificado.jpg\" alt=\"\" width=\"512\" height=\"363\"\/><\/figure><\/div>\n\n\n\n<h4 class=\"wp-block-heading\"><strong>\u00bfCOMO PUEDO PARTICIPAR?<\/strong><\/h4>\n\n\n\n<p>Simplemente debe realizar un pago de $us. 10 d\u00f3lares o Bs. 70 bolivianos, a continuaci\u00f3n, nuestras formas de pago:<\/p>\n\n\n\n<p class=\"has-text-align-center\"><strong>SI VIVE EN VOLIVIA<\/strong><\/p>\n\n\n\n<div class=\"wp-block-media-text is-stacked-on-mobile\" style=\"grid-template-columns:29% auto\"><figure class=\"wp-block-media-text__media\"><a href=\"https:\/\/i0.wp.com\/cebem.org\/wp-content\/uploads\/2020\/09\/BISA.png?ssl=1\"><img data-recalc-dims=\"1\" decoding=\"async\" width=\"411\" height=\"123\" src=\"https:\/\/i0.wp.com\/cebem.org\/wp-content\/uploads\/2020\/09\/BISA.png?resize=411%2C123&#038;ssl=1\" alt=\"\" class=\"wp-image-7743\" srcset=\"https:\/\/i0.wp.com\/cebem.org\/wp-content\/uploads\/2020\/09\/BISA.png?w=411&amp;ssl=1 411w, https:\/\/i0.wp.com\/cebem.org\/wp-content\/uploads\/2020\/09\/BISA.png?resize=300%2C90&amp;ssl=1 300w\" sizes=\"(max-width: 411px) 100vw, 411px\" \/><\/a><\/figure><div class=\"wp-block-media-text__content\">\n<p>Banco BISA<br><strong>Cuenta corriente:<\/strong> 130861-001-9<br><strong>Titular de la cuenta: <\/strong>CEBEM<\/p>\n<\/div><\/div>\n\n\n\n<p class=\"has-text-align-center\"><strong>VIVE FUERA DE BOLIVIA<\/strong><\/p>\n\n\n\n<div class=\"wp-block-media-text is-stacked-on-mobile\" style=\"grid-template-columns:31% auto\"><figure class=\"wp-block-media-text__media\"><img data-recalc-dims=\"1\" loading=\"lazy\" decoding=\"async\" width=\"450\" height=\"256\" src=\"https:\/\/i0.wp.com\/cebem.org\/wp-content\/uploads\/2020\/09\/moneygram-westerunion.jpg?resize=450%2C256&#038;ssl=1\" alt=\"\" class=\"wp-image-7742\" srcset=\"https:\/\/i0.wp.com\/cebem.org\/wp-content\/uploads\/2020\/09\/moneygram-westerunion.jpg?w=450&amp;ssl=1 450w, https:\/\/i0.wp.com\/cebem.org\/wp-content\/uploads\/2020\/09\/moneygram-westerunion.jpg?resize=300%2C171&amp;ssl=1 300w\" sizes=\"(max-width: 450px) 100vw, 450px\" \/><\/figure><div class=\"wp-block-media-text__content\">\n<p><strong>Destinatario:<\/strong>&nbsp;Cinda Beatriz Herrera Rodr\u00edguez<br><strong>CI:&nbsp;<\/strong>2234285 LP<br><strong>Localidad:&nbsp;<\/strong>La Paz, Bolivia<\/p>\n<\/div><\/div>\n\n\n\n<p class=\"has-black-color has-text-color has-background\" style=\"background-color:#d5f3e7\"><em><strong>IMPORTANTE:<\/strong>&nbsp;Luego de hacer el dep\u00f3sito m\u00e1ndenos el comprobante de pago a&nbsp;<a rel=\"noreferrer noopener\" href=\"mailto:congreso@cebem.org\" target=\"_blank\">congreso@cebem.org<\/a><\/em><\/p>\n\n\n\n<h4 class=\"wp-block-heading\"><strong>\u00bfTIENES ALGUNA CONSULTA? ESCR\u00cdBENOS:<\/strong><\/h4>\n\n\n\n<p><img data-recalc-dims=\"1\" loading=\"lazy\" decoding=\"async\" src=\"https:\/\/i0.wp.com\/cebem.org\/wp-content\/uploads\/2019\/07\/envelope-3152053_960_720.png?resize=30%2C23&#038;ssl=1\" width=\"30\" height=\"23\"><strong>&nbsp;Correo:<\/strong>&nbsp;<a href=\"mailto:congreso@cebem.org\" target=\"_blank\" rel=\"noreferrer noopener\"><strong>congreso@cebem.org<\/strong><\/a><\/p>\n\n\n\n<p><img data-recalc-dims=\"1\" loading=\"lazy\" decoding=\"async\" src=\"https:\/\/i0.wp.com\/cebem.org\/wp-content\/uploads\/2019\/07\/Whatsapp_icon-icons.png?resize=30%2C23&#038;ssl=1\" alt=\"\" width=\"30\" height=\"23\">WhatsApp: <a rel=\"noreferrer noopener\" href=\"https:\/\/api.whatsapp.com\/send?phone=59173027636&amp;text=Hola,%20me%20interesa%20el%202do%20Congreso%20y%20tengo%20la%20siguiente%20consulta\" target=\"_blank\"><strong>+591 73027636<\/strong><\/a><\/p>\n","protected":false},"excerpt":{"rendered":"<p>Participa de este importante evento, donde reuniremos m\u00e1s de 60 ponencias de varios pa\u00edses como Bolivia, Argentina, M\u00e9xico, Colombia, Per\u00fa, Chile, Espa\u00f1a, Brasil y Ecuador.<\/p>\n","protected":false},"author":2,"featured_media":7740,"comment_status":"closed","ping_status":"closed","sticky":false,"template":"","format":"standard","meta":{"_jetpack_memberships_contains_paid_content":false,"footnotes":"","jetpack_publicize_message":"","jetpack_publicize_feature_enabled":true,"jetpack_social_post_already_shared":true,"jetpack_social_options":{"image_generator_settings":{"template":"highway","default_image_id":0,"font":"","enabled":false},"version":2}},"categories":[1],"tags":[590,85,13,119],"class_list":["post-7739","post","type-post","status-publish","format-standard","has-post-thumbnail","hentry","category-noticias","tag-congreso-virtual-ambiente-2020","tag-convocatoria","tag-evento","tag-medio-ambiente","item-wrap"],"jetpack_publicize_connections":[],"jetpack_featured_media_url":"https:\/\/i0.wp.com\/cebem.org\/wp-content\/uploads\/2020\/09\/baner-web-asistente2020.jpg?fit=1200%2C628&ssl=1","jetpack_sharing_enabled":true,"_links":{"self":[{"href":"https:\/\/cebem.org\/index.php?rest_route=\/wp\/v2\/posts\/7739","targetHints":{"allow":["GET"]}}],"collection":[{"href":"https:\/\/cebem.org\/index.php?rest_route=\/wp\/v2\/posts"}],"about":[{"href":"https:\/\/cebem.org\/index.php?rest_route=\/wp\/v2\/types\/post"}],"author":[{"embeddable":true,"href":"https:\/\/cebem.org\/index.php?rest_route=\/wp\/v2\/users\/2"}],"replies":[{"embeddable":true,"href":"https:\/\/cebem.org\/index.php?rest_route=%2Fwp%2Fv2%2Fcomments&post=7739"}],"version-history":[{"count":3,"href":"https:\/\/cebem.org\/index.php?rest_route=\/wp\/v2\/posts\/7739\/revisions"}],"predecessor-version":[{"id":7745,"href":"https:\/\/cebem.org\/index.php?rest_route=\/wp\/v2\/posts\/7739\/revisions\/7745"}],"wp:featuredmedia":[{"embeddable":true,"href":"https:\/\/cebem.org\/index.php?rest_route=\/wp\/v2\/media\/7740"}],"wp:attachment":[{"href":"https:\/\/cebem.org\/index.php?rest_route=%2Fwp%2Fv2%2Fmedia&parent=7739"}],"wp:term":[{"taxonomy":"category","embeddable":true,"href":"https:\/\/cebem.org\/index.php?rest_route=%2Fwp%2Fv2%2Fcategories&post=7739"},{"taxonomy":"post_tag","embeddable":true,"href":"https:\/\/cebem.org\/index.php?rest_route=%2Fwp%2Fv2%2Ftags&post=7739"}],"curies":[{"name":"wp","href":"https:\/\/api.w.org\/{rel}","templated":true}]}}