
{"id":7720,"date":"2020-08-28T09:09:13","date_gmt":"2020-08-28T13:09:13","guid":{"rendered":"https:\/\/cebem.org\/?p=7720"},"modified":"2020-08-27T19:11:38","modified_gmt":"2020-08-27T23:11:38","slug":"universalizar-el-acceso-a-las-tecnologias-digitales-para-enfrentar-los-efectos-del-covid-19","status":"publish","type":"post","link":"https:\/\/cebem.org\/?p=7720","title":{"rendered":"Universalizar el acceso a las tecnolog\u00edas digitales para enfrentar los efectos del COVID-19"},"content":{"rendered":"\n<div class=\"wp-block-image\"><figure class=\"aligncenter size-large\"><img data-recalc-dims=\"1\" fetchpriority=\"high\" decoding=\"async\" width=\"750\" height=\"422\" src=\"https:\/\/i0.wp.com\/cebem.org\/wp-content\/uploads\/2020\/08\/Universalizar-el-acceso.jpg?resize=750%2C422&#038;ssl=1\" alt=\"\" class=\"wp-image-7722\" srcset=\"https:\/\/i0.wp.com\/cebem.org\/wp-content\/uploads\/2020\/08\/Universalizar-el-acceso.jpg?resize=1024%2C576&amp;ssl=1 1024w, https:\/\/i0.wp.com\/cebem.org\/wp-content\/uploads\/2020\/08\/Universalizar-el-acceso.jpg?resize=300%2C169&amp;ssl=1 300w, https:\/\/i0.wp.com\/cebem.org\/wp-content\/uploads\/2020\/08\/Universalizar-el-acceso.jpg?resize=768%2C432&amp;ssl=1 768w, https:\/\/i0.wp.com\/cebem.org\/wp-content\/uploads\/2020\/08\/Universalizar-el-acceso.jpg?resize=600%2C338&amp;ssl=1 600w, https:\/\/i0.wp.com\/cebem.org\/wp-content\/uploads\/2020\/08\/Universalizar-el-acceso.jpg?resize=1536%2C864&amp;ssl=1 1536w, https:\/\/i0.wp.com\/cebem.org\/wp-content\/uploads\/2020\/08\/Universalizar-el-acceso.jpg?resize=750%2C422&amp;ssl=1 750w, https:\/\/i0.wp.com\/cebem.org\/wp-content\/uploads\/2020\/08\/Universalizar-el-acceso.jpg?w=1920&amp;ssl=1 1920w\" sizes=\"(max-width: 750px) 100vw, 750px\" \/><\/figure><\/div>\n\n\n\n<p class=\"has-text-align-justify\">La Comisi\u00f3n Econ\u00f3mica para Am\u00e9rica Latina y el Caribe (CEPAL) inst\u00f3 hoy a garantizar y universalizar la conectividad y asequibilidad a las tecnolog\u00edas digitales para enfrentar los impactos del COVID-19 en la regi\u00f3n.<\/p>\n\n\n\n<p class=\"has-text-align-justify\">Para ello, propuso cinco l\u00edneas de acci\u00f3n: construir una sociedad digital inclusiva, impulsar la transformaci\u00f3n productiva, promover la confianza y seguridad digital, fortalecer la cooperaci\u00f3n digital regional, avanzar hacia un nuevo modelo de gobernanza.<\/p>\n\n\n\n<p class=\"has-text-align-justify\">Este Informe Especial es el s\u00e9ptimo de una serie que elabora la Comisi\u00f3n Econ\u00f3mica para Am\u00e9rica Latina y el Caribe (CEPAL) sobre la evoluci\u00f3n y los efectos de la pandemia de COVID-19 en Am\u00e9rica Latina y el Caribe.<\/p>\n\n\n\n<h4 class=\"wp-block-heading\"><a href=\"https:\/\/crm.cepal.org\/sites\/all\/modules\/civicrm\/extern\/url.php?u=13961&amp;qid=14943310\" target=\"_blank\" rel=\"noreferrer noopener\">Descargar el informe<\/a>.<\/h4>\n\n\n\n<p><\/p>\n\n\n\n<p><\/p>\n\n\n\n<p class=\"has-text-align-justify\"><\/p>\n","protected":false},"excerpt":{"rendered":"<p>Este Informe Especial es el s\u00e9ptimo de una serie que elabora la Comisi\u00f3n Econ\u00f3mica para Am\u00e9rica Latina y el Caribe (CEPAL) sobre la evoluci\u00f3n y los efectos de la pandemia de COVID-19 en Am\u00e9rica Latina y el Caribe.<\/p>\n","protected":false},"author":12,"featured_media":7722,"comment_status":"closed","ping_status":"closed","sticky":false,"template":"","format":"standard","meta":{"_jetpack_memberships_contains_paid_content":false,"footnotes":"","jetpack_publicize_message":"","jetpack_publicize_feature_enabled":true,"jetpack_social_post_already_shared":true,"jetpack_social_options":{"image_generator_settings":{"template":"highway","default_image_id":0,"font":"","enabled":false},"version":2}},"categories":[1],"tags":[720,749,815,814,816],"class_list":["post-7720","post","type-post","status-publish","format-standard","has-post-thumbnail","hentry","category-noticias","tag-boletin-8-agosto-2020","tag-covid-19","tag-efectos","tag-evolucion-2","tag-informe-especial-cepal","item-wrap"],"jetpack_publicize_connections":[],"jetpack_featured_media_url":"https:\/\/i0.wp.com\/cebem.org\/wp-content\/uploads\/2020\/08\/Universalizar-el-acceso.jpg?fit=1920%2C1080&ssl=1","jetpack_sharing_enabled":true,"_links":{"self":[{"href":"https:\/\/cebem.org\/index.php?rest_route=\/wp\/v2\/posts\/7720","targetHints":{"allow":["GET"]}}],"collection":[{"href":"https:\/\/cebem.org\/index.php?rest_route=\/wp\/v2\/posts"}],"about":[{"href":"https:\/\/cebem.org\/index.php?rest_route=\/wp\/v2\/types\/post"}],"author":[{"embeddable":true,"href":"https:\/\/cebem.org\/index.php?rest_route=\/wp\/v2\/users\/12"}],"replies":[{"embeddable":true,"href":"https:\/\/cebem.org\/index.php?rest_route=%2Fwp%2Fv2%2Fcomments&post=7720"}],"version-history":[{"count":2,"href":"https:\/\/cebem.org\/index.php?rest_route=\/wp\/v2\/posts\/7720\/revisions"}],"predecessor-version":[{"id":7724,"href":"https:\/\/cebem.org\/index.php?rest_route=\/wp\/v2\/posts\/7720\/revisions\/7724"}],"wp:featuredmedia":[{"embeddable":true,"href":"https:\/\/cebem.org\/index.php?rest_route=\/wp\/v2\/media\/7722"}],"wp:attachment":[{"href":"https:\/\/cebem.org\/index.php?rest_route=%2Fwp%2Fv2%2Fmedia&parent=7720"}],"wp:term":[{"taxonomy":"category","embeddable":true,"href":"https:\/\/cebem.org\/index.php?rest_route=%2Fwp%2Fv2%2Fcategories&post=7720"},{"taxonomy":"post_tag","embeddable":true,"href":"https:\/\/cebem.org\/index.php?rest_route=%2Fwp%2Fv2%2Ftags&post=7720"}],"curies":[{"name":"wp","href":"https:\/\/api.w.org\/{rel}","templated":true}]}}