
{"id":7697,"date":"2020-08-25T22:12:19","date_gmt":"2020-08-26T02:12:19","guid":{"rendered":"https:\/\/cebem.org\/?p=7697"},"modified":"2020-08-25T22:12:20","modified_gmt":"2020-08-26T02:12:20","slug":"ideas-post-covid","status":"publish","type":"post","link":"https:\/\/cebem.org\/?p=7697","title":{"rendered":"Ideas Post-Covid"},"content":{"rendered":"\n<h4 class=\"wp-block-heading\">Para el tiempo Post-Covid, producci\u00f3n de alimentos por el m\u00e9todo de la Agroforester\u00eda Din\u00e1mica.<\/h4>\n\n\n\n<div class=\"wp-block-image\"><figure class=\"aligncenter size-large is-resized\"><img data-recalc-dims=\"1\" fetchpriority=\"high\" decoding=\"async\" src=\"https:\/\/i0.wp.com\/cebem.org\/wp-content\/uploads\/2020\/08\/Nachher_2006-1.jpg?resize=312%2C416&#038;ssl=1\" alt=\"\" class=\"wp-image-7700\" width=\"312\" height=\"416\" srcset=\"https:\/\/i0.wp.com\/cebem.org\/wp-content\/uploads\/2020\/08\/Nachher_2006-1.jpg?resize=768%2C1024&amp;ssl=1 768w, https:\/\/i0.wp.com\/cebem.org\/wp-content\/uploads\/2020\/08\/Nachher_2006-1.jpg?resize=225%2C300&amp;ssl=1 225w, https:\/\/i0.wp.com\/cebem.org\/wp-content\/uploads\/2020\/08\/Nachher_2006-1.jpg?resize=600%2C800&amp;ssl=1 600w, https:\/\/i0.wp.com\/cebem.org\/wp-content\/uploads\/2020\/08\/Nachher_2006-1.jpg?resize=750%2C1000&amp;ssl=1 750w, https:\/\/i0.wp.com\/cebem.org\/wp-content\/uploads\/2020\/08\/Nachher_2006-1.jpg?w=1024&amp;ssl=1 1024w\" sizes=\"(max-width: 312px) 100vw, 312px\" \/><\/figure><\/div>\n\n\n\n<p class=\"has-text-align-justify\">La agroforester\u00eda din\u00e1mica combina los saberes ancestrales y locales con la ciencia. <\/p>\n\n\n\n<p class=\"has-text-align-justify\">Los sistemas agroforestales ofrecen:<\/p>\n\n\n\n<p class=\"has-text-align-justify\">Lograr una producci\u00f3n agroecol\u00f3gica. restaurar el suelo degradado, adaptar los cultivos a los cambios clim\u00e1ticos, lograr una producci\u00f3n sostenible a corto, mediano y largo plazo. A la vez protegen los recursos naturales como: suelo, agua, aire y biodiversidad y tambi\u00e9n son sumideros de di\u00f3xido de carbono. <\/p>\n\n\n\n<p>La Agroforester\u00eda din\u00e1mica practica tres principios: \u2022 alta diversidad \u2022 alta densidad \u2022 manejo por medio de poda.<\/p>\n\n\n\n<h4 class=\"wp-block-heading\">Informaci\u00f3n sobre el articulo Noemi Stadler Kaulich. Correo electr\u00f3nico <a href=\"mailto:nstadlerkaulich@googlemail.com\">nstadlerkaulich@googlemail.com<\/a>.<\/h4>\n\n\n\n<h4 class=\"wp-block-heading\">Mayor informaci\u00f3n en la pagina <a href=\"https:\/\/mollesnejta.org\/\" target=\"_blank\" rel=\"noreferrer noopener\">Web<\/a><\/h4>\n\n\n\n<p><\/p>\n","protected":false},"excerpt":{"rendered":"<p>La agroforester\u00eda din\u00e1mica combina los saberes ancestrales y locales con la ciencia. <\/p>\n","protected":false},"author":12,"featured_media":7700,"comment_status":"closed","ping_status":"closed","sticky":false,"template":"","format":"standard","meta":{"_jetpack_memberships_contains_paid_content":false,"footnotes":"","jetpack_publicize_message":"","jetpack_publicize_feature_enabled":true,"jetpack_social_post_already_shared":true,"jetpack_social_options":{"image_generator_settings":{"template":"highway","default_image_id":0,"font":"","enabled":false},"version":2}},"categories":[1],"tags":[801,720,577,802],"class_list":["post-7697","post","type-post","status-publish","format-standard","has-post-thumbnail","hentry","category-noticias","tag-agroforesteria","tag-boletin-8-agosto-2020","tag-ciencia","tag-saberes-ancestrales","item-wrap"],"jetpack_publicize_connections":[],"jetpack_featured_media_url":"https:\/\/i0.wp.com\/cebem.org\/wp-content\/uploads\/2020\/08\/Nachher_2006-1.jpg?fit=1024%2C1365&ssl=1","jetpack_sharing_enabled":true,"_links":{"self":[{"href":"https:\/\/cebem.org\/index.php?rest_route=\/wp\/v2\/posts\/7697","targetHints":{"allow":["GET"]}}],"collection":[{"href":"https:\/\/cebem.org\/index.php?rest_route=\/wp\/v2\/posts"}],"about":[{"href":"https:\/\/cebem.org\/index.php?rest_route=\/wp\/v2\/types\/post"}],"author":[{"embeddable":true,"href":"https:\/\/cebem.org\/index.php?rest_route=\/wp\/v2\/users\/12"}],"replies":[{"embeddable":true,"href":"https:\/\/cebem.org\/index.php?rest_route=%2Fwp%2Fv2%2Fcomments&post=7697"}],"version-history":[{"count":3,"href":"https:\/\/cebem.org\/index.php?rest_route=\/wp\/v2\/posts\/7697\/revisions"}],"predecessor-version":[{"id":7703,"href":"https:\/\/cebem.org\/index.php?rest_route=\/wp\/v2\/posts\/7697\/revisions\/7703"}],"wp:featuredmedia":[{"embeddable":true,"href":"https:\/\/cebem.org\/index.php?rest_route=\/wp\/v2\/media\/7700"}],"wp:attachment":[{"href":"https:\/\/cebem.org\/index.php?rest_route=%2Fwp%2Fv2%2Fmedia&parent=7697"}],"wp:term":[{"taxonomy":"category","embeddable":true,"href":"https:\/\/cebem.org\/index.php?rest_route=%2Fwp%2Fv2%2Fcategories&post=7697"},{"taxonomy":"post_tag","embeddable":true,"href":"https:\/\/cebem.org\/index.php?rest_route=%2Fwp%2Fv2%2Ftags&post=7697"}],"curies":[{"name":"wp","href":"https:\/\/api.w.org\/{rel}","templated":true}]}}