
{"id":7647,"date":"2020-08-19T22:10:41","date_gmt":"2020-08-20T02:10:41","guid":{"rendered":"https:\/\/cebem.org\/?p=7647"},"modified":"2020-08-19T22:10:42","modified_gmt":"2020-08-20T02:10:42","slug":"convocatoria-a-cursar-la-11a-escuela-de-educadores-y-educadoras-populares-en-derechos-humanos","status":"publish","type":"post","link":"https:\/\/cebem.org\/?p=7647","title":{"rendered":"Convocatoria a cursar la 11a Escuela de Educadores y Educadoras Populares en Derechos Humanos"},"content":{"rendered":"\n<div class=\"wp-block-image\"><figure class=\"aligncenter size-large is-resized\"><img data-recalc-dims=\"1\" fetchpriority=\"high\" decoding=\"async\" src=\"https:\/\/i0.wp.com\/cebem.org\/wp-content\/uploads\/2020\/08\/11escedupop.jpg?resize=476%2C634&#038;ssl=1\" alt=\"\" class=\"wp-image-7648\" width=\"476\" height=\"634\" srcset=\"https:\/\/i0.wp.com\/cebem.org\/wp-content\/uploads\/2020\/08\/11escedupop.jpg?w=640&amp;ssl=1 640w, https:\/\/i0.wp.com\/cebem.org\/wp-content\/uploads\/2020\/08\/11escedupop.jpg?resize=225%2C300&amp;ssl=1 225w, https:\/\/i0.wp.com\/cebem.org\/wp-content\/uploads\/2020\/08\/11escedupop.jpg?resize=600%2C800&amp;ssl=1 600w\" sizes=\"(max-width: 476px) 100vw, 476px\" \/><\/figure><\/div>\n\n\n\n<p class=\"has-text-align-justify\">La Escuela de formaci\u00f3n de educadores y educadoras populares es un proyecto del Comit\u00e9 Cerezo M\u00e9xico y Acci\u00f3n Urgente para Defensores de Derechos Humanos. Este proyecto dirigido a aquellas personas que se encuentren interesadas en capacitarse como educadoras y educadores con el objetivo de fortalecer y nutrir los conocimientos, herramientas y experiencias de las diferentes organizaciones, movimientos o colectivos.<\/p>\n\n\n\n<p class=\"has-text-align-justify\">Para poder formar parte de la escuela de educadores y educadoras populares, los postulantes deben de cumplir con ciertos requisitos:<\/p>\n\n\n\n<h4 class=\"wp-block-heading\">Para una mayor informaci\u00f3n ingresar al siguiente <a href=\"https:\/\/www.comitecerezo.org\/spip.php?article3493\" target=\"_blank\" rel=\"noreferrer noopener\">Link<\/a>.<\/h4>\n\n\n\n<p><\/p>\n\n\n\n<p><\/p>\n","protected":false},"excerpt":{"rendered":"<p>La Escuela de formaci\u00f3n de educadores y educadoras populares es un proyecto del Comit\u00e9 Cerezo M\u00e9xico y Acci\u00f3n Urgente para Defensores de Derechos Humanos.<\/p>\n","protected":false},"author":12,"featured_media":7648,"comment_status":"closed","ping_status":"closed","sticky":false,"template":"","format":"standard","meta":{"_jetpack_memberships_contains_paid_content":false,"footnotes":"","jetpack_publicize_message":"","jetpack_publicize_feature_enabled":true,"jetpack_social_post_already_shared":true,"jetpack_social_options":{"image_generator_settings":{"template":"highway","default_image_id":0,"font":"","enabled":false},"version":2}},"categories":[8],"tags":[720,85,782,783],"class_list":["post-7647","post","type-post","status-publish","format-standard","has-post-thumbnail","hentry","category-convocatorias","tag-boletin-8-agosto-2020","tag-convocatoria","tag-educadoras","tag-educadores","item-wrap"],"jetpack_publicize_connections":[],"jetpack_featured_media_url":"https:\/\/i0.wp.com\/cebem.org\/wp-content\/uploads\/2020\/08\/11escedupop.jpg?fit=640%2C853&ssl=1","jetpack_sharing_enabled":true,"_links":{"self":[{"href":"https:\/\/cebem.org\/index.php?rest_route=\/wp\/v2\/posts\/7647","targetHints":{"allow":["GET"]}}],"collection":[{"href":"https:\/\/cebem.org\/index.php?rest_route=\/wp\/v2\/posts"}],"about":[{"href":"https:\/\/cebem.org\/index.php?rest_route=\/wp\/v2\/types\/post"}],"author":[{"embeddable":true,"href":"https:\/\/cebem.org\/index.php?rest_route=\/wp\/v2\/users\/12"}],"replies":[{"embeddable":true,"href":"https:\/\/cebem.org\/index.php?rest_route=%2Fwp%2Fv2%2Fcomments&post=7647"}],"version-history":[{"count":2,"href":"https:\/\/cebem.org\/index.php?rest_route=\/wp\/v2\/posts\/7647\/revisions"}],"predecessor-version":[{"id":7650,"href":"https:\/\/cebem.org\/index.php?rest_route=\/wp\/v2\/posts\/7647\/revisions\/7650"}],"wp:featuredmedia":[{"embeddable":true,"href":"https:\/\/cebem.org\/index.php?rest_route=\/wp\/v2\/media\/7648"}],"wp:attachment":[{"href":"https:\/\/cebem.org\/index.php?rest_route=%2Fwp%2Fv2%2Fmedia&parent=7647"}],"wp:term":[{"taxonomy":"category","embeddable":true,"href":"https:\/\/cebem.org\/index.php?rest_route=%2Fwp%2Fv2%2Fcategories&post=7647"},{"taxonomy":"post_tag","embeddable":true,"href":"https:\/\/cebem.org\/index.php?rest_route=%2Fwp%2Fv2%2Ftags&post=7647"}],"curies":[{"name":"wp","href":"https:\/\/api.w.org\/{rel}","templated":true}]}}