
{"id":7625,"date":"2020-08-17T11:41:18","date_gmt":"2020-08-17T15:41:18","guid":{"rendered":"https:\/\/cebem.org\/?p=7625"},"modified":"2020-08-17T11:41:19","modified_gmt":"2020-08-17T15:41:19","slug":"novedad-editorial-coleccion-legados-la-danza-de-la-insurreccion-para-una-sociologia-de-la-musica-latinoamericana","status":"publish","type":"post","link":"https:\/\/cebem.org\/?p=7625","title":{"rendered":"Novedad Editorial &#8211; Colecci\u00f3n Legados: La danza de la insurrecci\u00f3n. Para una sociolog\u00eda de la m\u00fasica latinoamericana"},"content":{"rendered":"\n<div class=\"wp-block-image\"><figure class=\"aligncenter size-large is-resized\"><img data-recalc-dims=\"1\" fetchpriority=\"high\" decoding=\"async\" src=\"https:\/\/i0.wp.com\/cebem.org\/wp-content\/uploads\/2020\/08\/La-danza-de-la-insurrecion.jpg?resize=544%2C485&#038;ssl=1\" alt=\"\" class=\"wp-image-7626\" width=\"544\" height=\"485\" srcset=\"https:\/\/i0.wp.com\/cebem.org\/wp-content\/uploads\/2020\/08\/La-danza-de-la-insurrecion.jpg?w=800&amp;ssl=1 800w, https:\/\/i0.wp.com\/cebem.org\/wp-content\/uploads\/2020\/08\/La-danza-de-la-insurrecion.jpg?resize=300%2C268&amp;ssl=1 300w, https:\/\/i0.wp.com\/cebem.org\/wp-content\/uploads\/2020\/08\/La-danza-de-la-insurrecion.jpg?resize=768%2C685&amp;ssl=1 768w, https:\/\/i0.wp.com\/cebem.org\/wp-content\/uploads\/2020\/08\/La-danza-de-la-insurrecion.jpg?resize=600%2C536&amp;ssl=1 600w\" sizes=\"(max-width: 544px) 100vw, 544px\" \/><\/figure><\/div>\n\n\n\n<p class=\"has-text-align-justify\">El Consejo Latinoamericano de Ciencias Sociales presenta un nuevo tomo de la colecci\u00f3n Legados poniendo a disposici\u00f3n una obra que por las formas musicales se comunican en el Caribe los sentidos de pertenencia social, se entrecruza la comunicaci\u00f3n identitaria con las expresiones emergentes de ciudadan\u00eda y la comunicaci\u00f3n medi\u00e1tica con modos ancestrales de interrelaciones comunales.<\/p>\n\n\n\n<p><em><strong>Del estudio preliminar de Jes\u00fas Mart\u00edn Barbero sobre el autor: <\/strong><\/em>Al autor puertorrique\u00f1o \u00c1ngel G. Quintero, le gusta bailar la salsa, y ese gusto es el que empuja desde los adentros una experimentada inteligencia dedicada a destrabar, o sea a quitar las trabas que impiden a los latinoamericanos sentirse-en-casa cuando necesitan pensar con su cabeza\u00bb.<\/p>\n\n\n\n<h4 class=\"wp-block-heading\"><a href=\"https:\/\/www.clacso.org.ar\/libreria-latinoamericana\/inicio.php?orden=&amp;pageNum_rs_libros=0&amp;totalRows_rs_libros=1413\" target=\"_blank\" rel=\"noreferrer noopener\">Mayor informaci\u00f3n <\/a><\/h4>\n","protected":false},"excerpt":{"rendered":"<p>El Consejo Latinoamericano de Ciencias Sociales presenta un nuevo tomo de la colecci\u00f3n Legados poniendo a disposici\u00f3n  el libro La Danza de la Insurrecci\u00f3n. <\/p>\n","protected":false},"author":12,"featured_media":7626,"comment_status":"closed","ping_status":"closed","sticky":false,"template":"","format":"standard","meta":{"_jetpack_memberships_contains_paid_content":false,"footnotes":"","jetpack_publicize_message":"","jetpack_publicize_feature_enabled":true,"jetpack_social_post_already_shared":true,"jetpack_social_options":{"image_generator_settings":{"template":"highway","default_image_id":0,"font":"","enabled":false},"version":2}},"categories":[7],"tags":[720,217,772,774],"class_list":["post-7625","post","type-post","status-publish","format-standard","has-post-thumbnail","hentry","category-otras-publicaciones","tag-boletin-8-agosto-2020","tag-clacso","tag-formas-musicales","tag-la-salsa","item-wrap"],"jetpack_publicize_connections":[],"jetpack_featured_media_url":"https:\/\/i0.wp.com\/cebem.org\/wp-content\/uploads\/2020\/08\/La-danza-de-la-insurrecion.jpg?fit=800%2C714&ssl=1","jetpack_sharing_enabled":true,"_links":{"self":[{"href":"https:\/\/cebem.org\/index.php?rest_route=\/wp\/v2\/posts\/7625","targetHints":{"allow":["GET"]}}],"collection":[{"href":"https:\/\/cebem.org\/index.php?rest_route=\/wp\/v2\/posts"}],"about":[{"href":"https:\/\/cebem.org\/index.php?rest_route=\/wp\/v2\/types\/post"}],"author":[{"embeddable":true,"href":"https:\/\/cebem.org\/index.php?rest_route=\/wp\/v2\/users\/12"}],"replies":[{"embeddable":true,"href":"https:\/\/cebem.org\/index.php?rest_route=%2Fwp%2Fv2%2Fcomments&post=7625"}],"version-history":[{"count":3,"href":"https:\/\/cebem.org\/index.php?rest_route=\/wp\/v2\/posts\/7625\/revisions"}],"predecessor-version":[{"id":7629,"href":"https:\/\/cebem.org\/index.php?rest_route=\/wp\/v2\/posts\/7625\/revisions\/7629"}],"wp:featuredmedia":[{"embeddable":true,"href":"https:\/\/cebem.org\/index.php?rest_route=\/wp\/v2\/media\/7626"}],"wp:attachment":[{"href":"https:\/\/cebem.org\/index.php?rest_route=%2Fwp%2Fv2%2Fmedia&parent=7625"}],"wp:term":[{"taxonomy":"category","embeddable":true,"href":"https:\/\/cebem.org\/index.php?rest_route=%2Fwp%2Fv2%2Fcategories&post=7625"},{"taxonomy":"post_tag","embeddable":true,"href":"https:\/\/cebem.org\/index.php?rest_route=%2Fwp%2Fv2%2Ftags&post=7625"}],"curies":[{"name":"wp","href":"https:\/\/api.w.org\/{rel}","templated":true}]}}