
{"id":7596,"date":"2020-08-11T19:52:25","date_gmt":"2020-08-11T23:52:25","guid":{"rendered":"https:\/\/cebem.org\/?p=7596"},"modified":"2020-08-11T19:52:27","modified_gmt":"2020-08-11T23:52:27","slug":"seminario-virtual-desafios-para-la-implementacion-del-marco-meuri-en-latinoamerica","status":"publish","type":"post","link":"https:\/\/cebem.org\/?p=7596","title":{"rendered":"Seminario virtual \u00abDesaf\u00edos para la implementaci\u00f3n del marco MEURI en Latinoam\u00e9rica\u00bb."},"content":{"rendered":"\n<div class=\"wp-block-image\"><figure class=\"aligncenter size-large\"><img data-recalc-dims=\"1\" fetchpriority=\"high\" decoding=\"async\" width=\"750\" height=\"490\" src=\"https:\/\/i0.wp.com\/cebem.org\/wp-content\/uploads\/2020\/08\/Seminario-virtual-1.jpg?resize=750%2C490&#038;ssl=1\" alt=\"\" class=\"wp-image-7597\" srcset=\"https:\/\/i0.wp.com\/cebem.org\/wp-content\/uploads\/2020\/08\/Seminario-virtual-1.jpg?w=958&amp;ssl=1 958w, https:\/\/i0.wp.com\/cebem.org\/wp-content\/uploads\/2020\/08\/Seminario-virtual-1.jpg?resize=300%2C196&amp;ssl=1 300w, https:\/\/i0.wp.com\/cebem.org\/wp-content\/uploads\/2020\/08\/Seminario-virtual-1.jpg?resize=768%2C502&amp;ssl=1 768w, https:\/\/i0.wp.com\/cebem.org\/wp-content\/uploads\/2020\/08\/Seminario-virtual-1.jpg?resize=600%2C392&amp;ssl=1 600w\" sizes=\"(max-width: 750px) 100vw, 750px\" \/><\/figure><\/div>\n\n\n\n<p class=\"has-text-align-justify\">Con el fin de generar un espacio de di\u00e1logo sobre esta situaci\u00f3n e intentar dar respuesta a las inquietudes, la Escuela de Salud P\u00fablica de la Universidad del Valle (Cali-Colombia) y el Centro para el Desarrollo y Evaluaci\u00f3n de Pol\u00edticas y Tecnolog\u00eda en Salud P\u00fablica, CEDETES (Universidad del Valle), con el apoyo de la Sociedad Brasile\u00f1a de Bio\u00e9tica y la Red de Comit\u00e9s de \u00c9tica en Investigaci\u00f3n con Humanos &#8211; RECEIH-Cali, invitan al Seminario virtual \u00abDesaf\u00edos para la implementaci\u00f3n del marco MEURI en Latinoam\u00e9rica\u00bb que tendr\u00e1 lugar el 13 de agosto de 2020 a las 4:00 p.m. y contar\u00e1 con la participaci\u00f3n de un grupo de expertos latinoamericanos.<\/p>\n\n\n\n<h4 class=\"wp-block-heading\">Encuentra la toda la informaci\u00f3n en el siguiente <a href=\"https:\/\/drive.google.com\/file\/d\/1FsRPkqRHJd_5lX_ShVFBA-FX_IzkY2LH\/view\" target=\"_blank\" rel=\"noreferrer noopener\">link<\/a>.<\/h4>\n","protected":false},"excerpt":{"rendered":"<p>Son varios los desaf\u00edos que enfrenta Latino am\u00e9rica para usar<br \/>\nintervenciones no probadas y fuera del contexto de investigaci\u00f3n durante la<br \/>\npandemia.<\/p>\n","protected":false},"author":12,"featured_media":7597,"comment_status":"closed","ping_status":"closed","sticky":false,"template":"","format":"standard","meta":{"_jetpack_memberships_contains_paid_content":false,"footnotes":"","jetpack_publicize_message":"","jetpack_publicize_feature_enabled":true,"jetpack_social_post_already_shared":true,"jetpack_social_options":{"image_generator_settings":{"template":"highway","default_image_id":0,"font":"","enabled":false},"version":2}},"categories":[34],"tags":[720,749,747,746,748],"class_list":["post-7596","post","type-post","status-publish","format-standard","has-post-thumbnail","hentry","category-eventos","tag-boletin-8-agosto-2020","tag-covid-19","tag-exigencias","tag-limitantes","tag-riesgos","item-wrap"],"jetpack_publicize_connections":[],"jetpack_featured_media_url":"https:\/\/i0.wp.com\/cebem.org\/wp-content\/uploads\/2020\/08\/Seminario-virtual-1.jpg?fit=958%2C626&ssl=1","jetpack_sharing_enabled":true,"_links":{"self":[{"href":"https:\/\/cebem.org\/index.php?rest_route=\/wp\/v2\/posts\/7596","targetHints":{"allow":["GET"]}}],"collection":[{"href":"https:\/\/cebem.org\/index.php?rest_route=\/wp\/v2\/posts"}],"about":[{"href":"https:\/\/cebem.org\/index.php?rest_route=\/wp\/v2\/types\/post"}],"author":[{"embeddable":true,"href":"https:\/\/cebem.org\/index.php?rest_route=\/wp\/v2\/users\/12"}],"replies":[{"embeddable":true,"href":"https:\/\/cebem.org\/index.php?rest_route=%2Fwp%2Fv2%2Fcomments&post=7596"}],"version-history":[{"count":2,"href":"https:\/\/cebem.org\/index.php?rest_route=\/wp\/v2\/posts\/7596\/revisions"}],"predecessor-version":[{"id":7599,"href":"https:\/\/cebem.org\/index.php?rest_route=\/wp\/v2\/posts\/7596\/revisions\/7599"}],"wp:featuredmedia":[{"embeddable":true,"href":"https:\/\/cebem.org\/index.php?rest_route=\/wp\/v2\/media\/7597"}],"wp:attachment":[{"href":"https:\/\/cebem.org\/index.php?rest_route=%2Fwp%2Fv2%2Fmedia&parent=7596"}],"wp:term":[{"taxonomy":"category","embeddable":true,"href":"https:\/\/cebem.org\/index.php?rest_route=%2Fwp%2Fv2%2Fcategories&post=7596"},{"taxonomy":"post_tag","embeddable":true,"href":"https:\/\/cebem.org\/index.php?rest_route=%2Fwp%2Fv2%2Ftags&post=7596"}],"curies":[{"name":"wp","href":"https:\/\/api.w.org\/{rel}","templated":true}]}}