
{"id":7406,"date":"2020-07-24T07:30:00","date_gmt":"2020-07-24T11:30:00","guid":{"rendered":"https:\/\/cebem.org\/?p=7406"},"modified":"2020-07-23T18:54:40","modified_gmt":"2020-07-23T22:54:40","slug":"la-fundacion-pieb-anuncia-la-liberacion-de-libros-indispensables-para-la-investigacion","status":"publish","type":"post","link":"https:\/\/cebem.org\/?p=7406","title":{"rendered":"La Fundaci\u00f3n PIEB anuncia la liberaci\u00f3n de libros indispensables para la investigaci\u00f3n"},"content":{"rendered":"\n<div class=\"wp-block-image\"><figure class=\"aligncenter size-large is-resized\"><img data-recalc-dims=\"1\" fetchpriority=\"high\" decoding=\"async\" src=\"https:\/\/i0.wp.com\/cebem.org\/wp-content\/uploads\/2020\/07\/FUNDACI%C3%93N-PIEB.jpg?resize=588%2C519&#038;ssl=1\" alt=\"\" class=\"wp-image-7407\" width=\"588\" height=\"519\" srcset=\"https:\/\/i0.wp.com\/cebem.org\/wp-content\/uploads\/2020\/07\/FUNDACI%C3%93N-PIEB.jpg?w=600&amp;ssl=1 600w, https:\/\/i0.wp.com\/cebem.org\/wp-content\/uploads\/2020\/07\/FUNDACI%C3%93N-PIEB.jpg?resize=300%2C265&amp;ssl=1 300w\" sizes=\"(max-width: 588px) 100vw, 588px\" \/><\/figure><\/div>\n\n\n\n<p class=\"has-text-align-justify\">El PIEB, como parte de su enfoque de promover investigaciones estrat\u00e9gicas y relevantes que contribuyan al desarrollo del pa\u00eds, desde el inicio de sus actividades (1995) estuvo orientado por un principio metodol\u00f3gico:&nbsp;<strong>\u201cinvestigar formando \u2013 formar investigando\u201d.<\/strong><\/p>\n\n\n\n<p class=\"has-text-align-justify\">La publicaci\u00f3n en l\u00ednea de estos textos es un esfuerzo institucional por la&nbsp;<strong>\u201cdemocratizaci\u00f3n de oportunidades para investigar, para formarse y para acceder al conocimiento\u201d.&nbsp;<\/strong>&nbsp;As\u00ed lo explica el director ejecutivo del Fundaci\u00f3n PIEB, Godofredo Sandoval, en esta entrevista para anunciar la entrega de estos documentos para libre descarga, a partir del 29 de mayo, a trav\u00e9s de una ventana en el Peri\u00f3dico Digital del PIEB. Los textos liberados formar\u00e1n parte de la&nbsp;<a href=\"http:\/\/www.pieb.com.bo\/biblioPIEB.php\" target=\"_blank\" rel=\"noreferrer noopener\"><strong>Biblioteca PIEB<\/strong><\/a>, una iniciativa que ha subido 300 libros del fondo editorial PIEB para descargar en formato PDF.<\/p>\n\n\n\n<h4 class=\"wp-block-heading\">Mayor Informaci\u00f3n:<br><a aria-label=\"undefined (abre en una nueva pesta\u00f1a)\" href=\"http:\/\/www.pieb.com.bo\/sipieb_nota.php?idn=11640\" target=\"_blank\" rel=\"noreferrer noopener\">http:\/\/www.pieb.com.bo\/sipieb_nota.php?idn=11640<\/a><\/h4>\n\n\n\n<p><\/p>\n","protected":false},"excerpt":{"rendered":"<p>El PIEB anuncia la publicaci\u00f3n en linea de sus textos metodol\u00f3gicos que ser\u00e1n de libre descarga. <\/p>\n","protected":false},"author":12,"featured_media":7407,"comment_status":"closed","ping_status":"closed","sticky":false,"template":"","format":"standard","meta":{"_jetpack_memberships_contains_paid_content":false,"footnotes":"","jetpack_publicize_message":"","jetpack_publicize_feature_enabled":true,"jetpack_social_post_already_shared":true,"jetpack_social_options":{"image_generator_settings":{"template":"highway","default_image_id":0,"font":"","enabled":false},"version":2}},"categories":[7],"tags":[657,688,167],"class_list":["post-7406","post","type-post","status-publish","format-standard","has-post-thumbnail","hentry","category-otras-publicaciones","tag-boletin-7-julio-2020","tag-fundacion-pieb","tag-libros","item-wrap"],"jetpack_publicize_connections":[],"jetpack_featured_media_url":"https:\/\/i0.wp.com\/cebem.org\/wp-content\/uploads\/2020\/07\/FUNDACI%C3%93N-PIEB.jpg?fit=600%2C530&ssl=1","jetpack_sharing_enabled":true,"_links":{"self":[{"href":"https:\/\/cebem.org\/index.php?rest_route=\/wp\/v2\/posts\/7406","targetHints":{"allow":["GET"]}}],"collection":[{"href":"https:\/\/cebem.org\/index.php?rest_route=\/wp\/v2\/posts"}],"about":[{"href":"https:\/\/cebem.org\/index.php?rest_route=\/wp\/v2\/types\/post"}],"author":[{"embeddable":true,"href":"https:\/\/cebem.org\/index.php?rest_route=\/wp\/v2\/users\/12"}],"replies":[{"embeddable":true,"href":"https:\/\/cebem.org\/index.php?rest_route=%2Fwp%2Fv2%2Fcomments&post=7406"}],"version-history":[{"count":4,"href":"https:\/\/cebem.org\/index.php?rest_route=\/wp\/v2\/posts\/7406\/revisions"}],"predecessor-version":[{"id":7519,"href":"https:\/\/cebem.org\/index.php?rest_route=\/wp\/v2\/posts\/7406\/revisions\/7519"}],"wp:featuredmedia":[{"embeddable":true,"href":"https:\/\/cebem.org\/index.php?rest_route=\/wp\/v2\/media\/7407"}],"wp:attachment":[{"href":"https:\/\/cebem.org\/index.php?rest_route=%2Fwp%2Fv2%2Fmedia&parent=7406"}],"wp:term":[{"taxonomy":"category","embeddable":true,"href":"https:\/\/cebem.org\/index.php?rest_route=%2Fwp%2Fv2%2Fcategories&post=7406"},{"taxonomy":"post_tag","embeddable":true,"href":"https:\/\/cebem.org\/index.php?rest_route=%2Fwp%2Fv2%2Ftags&post=7406"}],"curies":[{"name":"wp","href":"https:\/\/api.w.org\/{rel}","templated":true}]}}