
{"id":7401,"date":"2020-07-24T12:00:00","date_gmt":"2020-07-24T16:00:00","guid":{"rendered":"https:\/\/cebem.org\/?p=7401"},"modified":"2020-08-04T22:09:27","modified_gmt":"2020-08-05T02:09:27","slug":"biblioteca-en-acceso-abierto-pensar-la-pandemia-observatorio-social-del-coronavirus","status":"publish","type":"post","link":"https:\/\/cebem.org\/?p=7401","title":{"rendered":"Biblioteca en Acceso Abierto \u00abPensar la Pandemia.\u00bb"},"content":{"rendered":"\n<div class=\"wp-block-image\"><figure class=\"aligncenter size-large is-resized\"><img data-recalc-dims=\"1\" fetchpriority=\"high\" decoding=\"async\" src=\"https:\/\/i0.wp.com\/cebem.org\/wp-content\/uploads\/2020\/07\/Pensar-la-pandemia.jpg?resize=600%2C325&#038;ssl=1\" alt=\"\" class=\"wp-image-7402\" width=\"600\" height=\"325\" srcset=\"https:\/\/i0.wp.com\/cebem.org\/wp-content\/uploads\/2020\/07\/Pensar-la-pandemia.jpg?w=800&amp;ssl=1 800w, https:\/\/i0.wp.com\/cebem.org\/wp-content\/uploads\/2020\/07\/Pensar-la-pandemia.jpg?resize=300%2C162&amp;ssl=1 300w, https:\/\/i0.wp.com\/cebem.org\/wp-content\/uploads\/2020\/07\/Pensar-la-pandemia.jpg?resize=768%2C416&amp;ssl=1 768w, https:\/\/i0.wp.com\/cebem.org\/wp-content\/uploads\/2020\/07\/Pensar-la-pandemia.jpg?resize=600%2C325&amp;ssl=1 600w\" sizes=\"(max-width: 600px) 100vw, 600px\" \/><\/figure><\/div>\n\n\n\n<p class=\"has-text-align-justify\">La\u00a0<strong>Biblioteca en Acceso Abierto Pensar la Pandemia. Observatorio Social del Coronavirus<\/strong>\u00a0re\u00fane los aportes de numerosos colegas que, desde una diversidad de pa\u00edses, enfoques y campos del conocimiento abordan -a trav\u00e9s de textos breves- una lectura sobre los efectos sociales de la pandemia. Una iniciativa de CLACSO que pone al servicio de la sociedad un conjunto de reflexiones sobre un acontecimiento que afecta todas las dimensiones de la vida en com\u00fan.<\/p>\n\n\n\n<h4 class=\"wp-block-heading\"><strong>Mayor informaci\u00f3n<\/strong>;<\/h4>\n\n\n\n<div class=\"wp-block-group\"><div class=\"wp-block-group__inner-container is-layout-flow wp-block-group-is-layout-flow\">\n<h4 class=\"wp-block-heading\"><a href=\"https:\/\/www.clacso.org.ar\/biblioteca_pandemia\/index.php\">https:\/\/www.clacso.org.ar\/biblioteca_pandemia\/index.php<\/a><\/h4>\n<\/div><\/div>\n\n\n\n<p><\/p>\n","protected":false},"excerpt":{"rendered":"<p>CLACSO que pone al servicio de la sociedad un conjunto de reflexiones sobre un acontecimiento que afecta todas las dimensiones de la vida en com\u00fan.<\/p>\n","protected":false},"author":12,"featured_media":7402,"comment_status":"closed","ping_status":"closed","sticky":false,"template":"","format":"standard","meta":{"_jetpack_memberships_contains_paid_content":false,"footnotes":"","jetpack_publicize_message":"","jetpack_publicize_feature_enabled":true,"jetpack_social_post_already_shared":true,"jetpack_social_options":{"image_generator_settings":{"template":"highway","default_image_id":0,"font":"","enabled":false},"version":2}},"categories":[7],"tags":[657,586,692],"class_list":["post-7401","post","type-post","status-publish","format-standard","has-post-thumbnail","hentry","category-otras-publicaciones","tag-boletin-7-julio-2020","tag-coronavirus","tag-novedad-editorial","item-wrap"],"jetpack_publicize_connections":[],"jetpack_featured_media_url":"https:\/\/i0.wp.com\/cebem.org\/wp-content\/uploads\/2020\/07\/Pensar-la-pandemia.jpg?fit=800%2C433&ssl=1","jetpack_sharing_enabled":true,"_links":{"self":[{"href":"https:\/\/cebem.org\/index.php?rest_route=\/wp\/v2\/posts\/7401","targetHints":{"allow":["GET"]}}],"collection":[{"href":"https:\/\/cebem.org\/index.php?rest_route=\/wp\/v2\/posts"}],"about":[{"href":"https:\/\/cebem.org\/index.php?rest_route=\/wp\/v2\/types\/post"}],"author":[{"embeddable":true,"href":"https:\/\/cebem.org\/index.php?rest_route=\/wp\/v2\/users\/12"}],"replies":[{"embeddable":true,"href":"https:\/\/cebem.org\/index.php?rest_route=%2Fwp%2Fv2%2Fcomments&post=7401"}],"version-history":[{"count":4,"href":"https:\/\/cebem.org\/index.php?rest_route=\/wp\/v2\/posts\/7401\/revisions"}],"predecessor-version":[{"id":7558,"href":"https:\/\/cebem.org\/index.php?rest_route=\/wp\/v2\/posts\/7401\/revisions\/7558"}],"wp:featuredmedia":[{"embeddable":true,"href":"https:\/\/cebem.org\/index.php?rest_route=\/wp\/v2\/media\/7402"}],"wp:attachment":[{"href":"https:\/\/cebem.org\/index.php?rest_route=%2Fwp%2Fv2%2Fmedia&parent=7401"}],"wp:term":[{"taxonomy":"category","embeddable":true,"href":"https:\/\/cebem.org\/index.php?rest_route=%2Fwp%2Fv2%2Fcategories&post=7401"},{"taxonomy":"post_tag","embeddable":true,"href":"https:\/\/cebem.org\/index.php?rest_route=%2Fwp%2Fv2%2Ftags&post=7401"}],"curies":[{"name":"wp","href":"https:\/\/api.w.org\/{rel}","templated":true}]}}