
{"id":7397,"date":"2020-07-23T17:33:29","date_gmt":"2020-07-23T21:33:29","guid":{"rendered":"https:\/\/cebem.org\/?p=7397"},"modified":"2020-11-13T19:22:05","modified_gmt":"2020-11-13T23:22:05","slug":"coleccion-miradas-latinoamericanas-un-estado-del-debate","status":"publish","type":"post","link":"https:\/\/cebem.org\/?p=7397","title":{"rendered":"Colecci\u00f3n: Miradas Latinoamericanas. Un estado del debate"},"content":{"rendered":"\n<div class=\"wp-block-image\"><figure class=\"aligncenter size-large is-resized\"><img data-recalc-dims=\"1\" fetchpriority=\"high\" decoding=\"async\" src=\"https:\/\/i0.wp.com\/cebem.org\/wp-content\/uploads\/2020\/07\/Coleccion-miradas.jpg?resize=391%2C512&#038;ssl=1\" alt=\"\" class=\"wp-image-7404\" width=\"391\" height=\"512\" srcset=\"https:\/\/i0.wp.com\/cebem.org\/wp-content\/uploads\/2020\/07\/Coleccion-miradas.jpg?resize=782%2C1024&amp;ssl=1 782w, https:\/\/i0.wp.com\/cebem.org\/wp-content\/uploads\/2020\/07\/Coleccion-miradas.jpg?resize=229%2C300&amp;ssl=1 229w, https:\/\/i0.wp.com\/cebem.org\/wp-content\/uploads\/2020\/07\/Coleccion-miradas.jpg?resize=768%2C1006&amp;ssl=1 768w, https:\/\/i0.wp.com\/cebem.org\/wp-content\/uploads\/2020\/07\/Coleccion-miradas.jpg?resize=600%2C786&amp;ssl=1 600w, https:\/\/i0.wp.com\/cebem.org\/wp-content\/uploads\/2020\/07\/Coleccion-miradas.jpg?w=1000&amp;ssl=1 1000w\" sizes=\"(max-width: 391px) 100vw, 391px\" \/><\/figure><\/div>\n\n\n\n<p>CLACSO y Siglo XXI Editores M\u00e9xico lanzan en conjunto la colecci\u00f3n&nbsp;<em>Miradas Latinoamericanas. Un estado del debate.<\/em><\/p>\n\n\n\n<p><em>Miradas Latinoamericanas. Un estado del debate&nbsp;<\/em>es una colecci\u00f3n cuyo centro gravitatorio es relevar las novedades te\u00f3ricas, metodol\u00f3gicas y tem\u00e1ticas en diversos campos de saber. Los libros que integran esta colecci\u00f3n tienen como prop\u00f3sito reunir trabajos que expongan las novedades en relaci\u00f3n con las tem\u00e1ticas, abordajes, enfoques te\u00f3ricos, preguntas y objetos de investigaci\u00f3n en los campos de las Ciencias Sociales y Humanidades, desde una perspectiva que busca poner en valor la originalidad y relevancia del conocimiento producido en la regi\u00f3n.<\/p>\n\n\n\n<p><strong>Fecha l\u00edmite para env\u00edo de propuestas: 26 de julio de 2020<\/strong><\/p>\n\n\n\n<p>Consultas:&nbsp;<strong><strong><a href=\"mailto:miradaslatinoamericanas@clacso.edu.ar\">miradaslatinoamericanas@clacso.edu.ar<\/a><\/strong><\/strong><\/p>\n\n\n\n<h3 class=\"wp-block-heading\">MAYOR INFORMACION:<br><a href=\"https:\/\/www.clacso.org\/coleccion-miradas-latinoamericanas-un-estado-del-debate\/\">https:\/\/www.clacso.org\/coleccion-miradas-latinoamericanas-un-estado-del-debate\/<\/a><\/h3>\n","protected":false},"excerpt":{"rendered":"<p>CLACSO y Siglo XXI Editores M\u00e9xico lanzan en conjunto la colecci\u00f3n&nbsp;Miradas Latinoamericanas. Un estado del debate. Miradas Latinoamericanas. Un estado del debate&nbsp;es una colecci\u00f3n cuyo centro gravitatorio es relevar las novedades te\u00f3ricas, metodol\u00f3gicas y tem\u00e1ticas en diversos campos de saber. Los libros que integran esta colecci\u00f3n tienen como prop\u00f3sito reunir trabajos que expongan las novedades &hellip; <\/p>\n<p><a class=\"more-link btn\" href=\"https:\/\/cebem.org\/?p=7397\">Seguir leyendo<\/a><\/p>\n","protected":false},"author":12,"featured_media":7404,"comment_status":"closed","ping_status":"closed","sticky":false,"template":"","format":"standard","meta":{"_jetpack_memberships_contains_paid_content":false,"footnotes":"","jetpack_publicize_message":"","jetpack_publicize_feature_enabled":true,"jetpack_social_post_already_shared":true,"jetpack_social_options":{"image_generator_settings":{"template":"highway","default_image_id":0,"font":"","enabled":false},"version":2}},"categories":[8],"tags":[657,665,664],"class_list":["post-7397","post","type-post","status-publish","format-standard","has-post-thumbnail","hentry","category-convocatorias","tag-boletin-7-julio-2020","tag-convocatoria-a-publicaciones","tag-miradas-latinoamericanas","item-wrap"],"jetpack_publicize_connections":[],"jetpack_featured_media_url":"https:\/\/i0.wp.com\/cebem.org\/wp-content\/uploads\/2020\/07\/Coleccion-miradas.jpg?fit=1000%2C1310&ssl=1","jetpack_sharing_enabled":true,"_links":{"self":[{"href":"https:\/\/cebem.org\/index.php?rest_route=\/wp\/v2\/posts\/7397","targetHints":{"allow":["GET"]}}],"collection":[{"href":"https:\/\/cebem.org\/index.php?rest_route=\/wp\/v2\/posts"}],"about":[{"href":"https:\/\/cebem.org\/index.php?rest_route=\/wp\/v2\/types\/post"}],"author":[{"embeddable":true,"href":"https:\/\/cebem.org\/index.php?rest_route=\/wp\/v2\/users\/12"}],"replies":[{"embeddable":true,"href":"https:\/\/cebem.org\/index.php?rest_route=%2Fwp%2Fv2%2Fcomments&post=7397"}],"version-history":[{"count":2,"href":"https:\/\/cebem.org\/index.php?rest_route=\/wp\/v2\/posts\/7397\/revisions"}],"predecessor-version":[{"id":7507,"href":"https:\/\/cebem.org\/index.php?rest_route=\/wp\/v2\/posts\/7397\/revisions\/7507"}],"wp:featuredmedia":[{"embeddable":true,"href":"https:\/\/cebem.org\/index.php?rest_route=\/wp\/v2\/media\/7404"}],"wp:attachment":[{"href":"https:\/\/cebem.org\/index.php?rest_route=%2Fwp%2Fv2%2Fmedia&parent=7397"}],"wp:term":[{"taxonomy":"category","embeddable":true,"href":"https:\/\/cebem.org\/index.php?rest_route=%2Fwp%2Fv2%2Fcategories&post=7397"},{"taxonomy":"post_tag","embeddable":true,"href":"https:\/\/cebem.org\/index.php?rest_route=%2Fwp%2Fv2%2Ftags&post=7397"}],"curies":[{"name":"wp","href":"https:\/\/api.w.org\/{rel}","templated":true}]}}