
{"id":7388,"date":"2020-07-02T07:05:29","date_gmt":"2020-07-02T11:05:29","guid":{"rendered":"https:\/\/cebem.org\/?p=7388"},"modified":"2020-07-02T07:05:31","modified_gmt":"2020-07-02T11:05:31","slug":"la-digitalizacion-industrial-un-camino-hacia-la-gobernanza-colaborativa","status":"publish","type":"post","link":"https:\/\/cebem.org\/?p=7388","title":{"rendered":"La digitalizaci\u00f3n industrial: un camino hacia la gobernanza colaborativa."},"content":{"rendered":"\n<div class=\"wp-block-image\"><figure class=\"aligncenter size-large is-resized\"><img data-recalc-dims=\"1\" fetchpriority=\"high\" decoding=\"async\" src=\"https:\/\/i0.wp.com\/cebem.org\/wp-content\/uploads\/2020\/07\/Zrzut-ekranu-2020-07-2-o-12.54.48.png?resize=484%2C590&#038;ssl=1\" alt=\"\" class=\"wp-image-7389\" width=\"484\" height=\"590\" srcset=\"https:\/\/i0.wp.com\/cebem.org\/wp-content\/uploads\/2020\/07\/Zrzut-ekranu-2020-07-2-o-12.54.48.png?resize=840%2C1024&amp;ssl=1 840w, https:\/\/i0.wp.com\/cebem.org\/wp-content\/uploads\/2020\/07\/Zrzut-ekranu-2020-07-2-o-12.54.48.png?resize=246%2C300&amp;ssl=1 246w, https:\/\/i0.wp.com\/cebem.org\/wp-content\/uploads\/2020\/07\/Zrzut-ekranu-2020-07-2-o-12.54.48.png?resize=768%2C936&amp;ssl=1 768w, https:\/\/i0.wp.com\/cebem.org\/wp-content\/uploads\/2020\/07\/Zrzut-ekranu-2020-07-2-o-12.54.48.png?resize=600%2C731&amp;ssl=1 600w, https:\/\/i0.wp.com\/cebem.org\/wp-content\/uploads\/2020\/07\/Zrzut-ekranu-2020-07-2-o-12.54.48.png?w=1154&amp;ssl=1 1154w\" sizes=\"(max-width: 484px) 100vw, 484px\" \/><\/figure><\/div>\n\n\n\n<p>Las tendencias tecnol\u00f3gicas en la manufactura marcadas por el internet de las cosas, la inteligencia artificial, la robotizaci\u00f3n y la anal\u00edtica de grandes datos, est\u00e1n transformando los procesos industriales. Estos cambios marcan las pautas de lo que se conocen como la cuarta revoluci\u00f3n industrial, la industria 4.0 o la manufactura inteligente. Como consecuencia a estas transformaciones, los pa\u00edses industrializados, han implementado decisiones p\u00fablicas y privadas en el dise\u00f1o de programas y proyectos para reorientar sectores productivos estrat\u00e9gicos y apropiarse de las oportunidades de esta fase industrial. En tanto, los pa\u00edses latinoamericanos m\u00e1s industrializados, han manifestado una incipiente preocupaci\u00f3n sobre estas tendencias tecnol\u00f3gicas en las discusiones acad\u00e9micas y en las agendas industriales y de innovaci\u00f3n.\u00a0<\/p>\n\n\n\n<p>Las interrogantes que gu\u00edan esta investigaci\u00f3n buscan identificar las condiciones t\u00e9cnicas y pol\u00edticas adecuadas, que permitan aprovechar las oportunidades que plantean las tecnolog\u00edas digitales en la producci\u00f3n, con la intenci\u00f3n de fortalecer la estructura productiva mediante la coordinaci\u00f3n y la reorientaci\u00f3n de acciones p\u00fablicas y privadas para alcanzar nuevos objetivos industriales. Parte del objetivo de este trabajo es caracterizar este nuevo paradigma industrial como protagonista de una etapa disruptiva. La reflexi\u00f3n abarca la revisi\u00f3n de estrategias y programas adoptados en Alemania, Estados Unidos, la Comunidad del Pa\u00eds Vasco y China, con la intenci\u00f3n de proporcionar informaci\u00f3n relevante para plantear una visi\u00f3n que facilite la apropiaci\u00f3n de nuevos conocimientos, tecnolog\u00edas, procesos y que aliente la transformaci\u00f3n productiva de la regi\u00f3n, y particularmente la del sector industrial mexicano.&nbsp;<\/p>\n\n\n\n<p>Este an\u00e1lisis tambi\u00e9n es relevante a la luz de la reciente aprobada Agenda digital para Am\u00e9rica Latina y el Caribe (eLAC2020), acordada durante la Sexta Conferencia Ministerial sobre la Sociedad de la Informaci\u00f3n, que mantiene entre sus prioridades hacia 2020 el impulso del uso de tecnolog\u00edas digitales en las empresas y la transformaci\u00f3n digital de la econom\u00eda. Este trabajo se realiz\u00f3 con el apoyo de la cooperaci\u00f3n alemana, a trav\u00e9s de la Agencia Alemana de Cooperaci\u00f3n Internacional (GIZ), en el marco del Programa \u00abApoyo a la implementaci\u00f3n de la Agenda 2030 para el Desarrollo Sostenible en Am\u00e9rica Latina y el Caribe\u00bb, y el proyecto \u00abIndustrializaci\u00f3n inclusiva y sostenible en Am\u00e9rica Latina\u00bb.<\/p>\n\n\n\n<p><strong><a href=\"https:\/\/repositorio.cepal.org\/bitstream\/handle\/11362\/44266\/1\/S1800941_es.pdf\" target=\"_blank\" aria-label=\"undefined (abre en una nueva pesta\u00f1a)\" rel=\"noreferrer noopener\">Lee la publicaci\u00f3n completa aqu\u00ed<\/a><\/strong><\/p>\n","protected":false},"excerpt":{"rendered":"<p>Las tendencias tecnol\u00f3gicas en la manufactura marcadas por el internet de las cosas, la inteligencia artificial, la robotizaci\u00f3n y la anal\u00edtica de grandes datos, est\u00e1n transformando los procesos industriales. <\/p>\n","protected":false},"author":10,"featured_media":7390,"comment_status":"closed","ping_status":"closed","sticky":false,"template":"","format":"standard","meta":{"_jetpack_memberships_contains_paid_content":false,"footnotes":"","jetpack_publicize_message":"La #digitalizaci\u00f3n industrial: un camino hacia la #gobernanza colaborativa. ","jetpack_publicize_feature_enabled":true,"jetpack_social_post_already_shared":true,"jetpack_social_options":{"image_generator_settings":{"template":"highway","default_image_id":0,"font":"","enabled":false},"version":2}},"categories":[7],"tags":[641,185,660,190],"class_list":["post-7388","post","type-post","status-publish","format-standard","has-post-thumbnail","hentry","category-otras-publicaciones","tag-boletin-6-junio-2020","tag-cepal","tag-digitalizacion","tag-gobernanza-global","item-wrap"],"jetpack_publicize_connections":[],"jetpack_featured_media_url":"https:\/\/i0.wp.com\/cebem.org\/wp-content\/uploads\/2020\/07\/Zrzut-ekranu-2020-07-2-o-12.54.29.png?fit=2266%2C1002&ssl=1","jetpack_sharing_enabled":true,"_links":{"self":[{"href":"https:\/\/cebem.org\/index.php?rest_route=\/wp\/v2\/posts\/7388","targetHints":{"allow":["GET"]}}],"collection":[{"href":"https:\/\/cebem.org\/index.php?rest_route=\/wp\/v2\/posts"}],"about":[{"href":"https:\/\/cebem.org\/index.php?rest_route=\/wp\/v2\/types\/post"}],"author":[{"embeddable":true,"href":"https:\/\/cebem.org\/index.php?rest_route=\/wp\/v2\/users\/10"}],"replies":[{"embeddable":true,"href":"https:\/\/cebem.org\/index.php?rest_route=%2Fwp%2Fv2%2Fcomments&post=7388"}],"version-history":[{"count":2,"href":"https:\/\/cebem.org\/index.php?rest_route=\/wp\/v2\/posts\/7388\/revisions"}],"predecessor-version":[{"id":7481,"href":"https:\/\/cebem.org\/index.php?rest_route=\/wp\/v2\/posts\/7388\/revisions\/7481"}],"wp:featuredmedia":[{"embeddable":true,"href":"https:\/\/cebem.org\/index.php?rest_route=\/wp\/v2\/media\/7390"}],"wp:attachment":[{"href":"https:\/\/cebem.org\/index.php?rest_route=%2Fwp%2Fv2%2Fmedia&parent=7388"}],"wp:term":[{"taxonomy":"category","embeddable":true,"href":"https:\/\/cebem.org\/index.php?rest_route=%2Fwp%2Fv2%2Fcategories&post=7388"},{"taxonomy":"post_tag","embeddable":true,"href":"https:\/\/cebem.org\/index.php?rest_route=%2Fwp%2Fv2%2Ftags&post=7388"}],"curies":[{"name":"wp","href":"https:\/\/api.w.org\/{rel}","templated":true}]}}