
{"id":7368,"date":"2020-07-23T18:26:46","date_gmt":"2020-07-23T22:26:46","guid":{"rendered":"https:\/\/cebem.org\/?p=7368"},"modified":"2020-07-23T18:26:49","modified_gmt":"2020-07-23T22:26:49","slug":"informe-fmi-%e2%80%a2-una-crisis-como-ninguna-otra-una-recuperacion-incierta","status":"publish","type":"post","link":"https:\/\/cebem.org\/?p=7368","title":{"rendered":"Informe FMI \u2022 Una crisis como ninguna otra, una recuperaci\u00f3n incierta"},"content":{"rendered":"\n<div class=\"wp-block-image\"><figure class=\"aligncenter size-large is-resized\"><img data-recalc-dims=\"1\" fetchpriority=\"high\" decoding=\"async\" src=\"https:\/\/i0.wp.com\/cebem.org\/wp-content\/uploads\/2020\/07\/InfoFMI2020_001.png?resize=306%2C396&#038;ssl=1\" alt=\"\" class=\"wp-image-7395\" width=\"306\" height=\"396\" srcset=\"https:\/\/i0.wp.com\/cebem.org\/wp-content\/uploads\/2020\/07\/InfoFMI2020_001.png?w=612&amp;ssl=1 612w, https:\/\/i0.wp.com\/cebem.org\/wp-content\/uploads\/2020\/07\/InfoFMI2020_001.png?resize=232%2C300&amp;ssl=1 232w, https:\/\/i0.wp.com\/cebem.org\/wp-content\/uploads\/2020\/07\/InfoFMI2020_001.png?resize=600%2C776&amp;ssl=1 600w\" sizes=\"(max-width: 306px) 100vw, 306px\" \/><\/figure><\/div>\n\n\n\n<p>El Fondo Monetario Internacional (FMI) ha Actualizaci\u00f3n sus perspectivas de crecimiento de la econom\u00eda mundial, a junio de 2020. Seg\u00fan el informe: \u201c El crecimiento mundial est\u00e1 proyectado en \u20134,9% en 2020; o sea, 1,9 puntos porcentuales menos que el pron\u00f3stico de la edici\u00f3n de abril de 2020 de Perspectivas de la econom\u00eda mundial (informe WEO). La pandemia de COVID-19 ha tenido un impacto m\u00e1s negativo que lo previsto en la actividad en el primer semestre de 2020 y la recuperaci\u00f3n ser\u00e1, seg\u00fan las proyecciones, m\u00e1s gradual de lo que se hab\u00eda pronosticado. En 2021, el crecimiento mundial est\u00e1 proyectado en 5,4%. Globalmente, eso significa que el PIB de 2021 ser\u00eda alrededor de 6\u00bd puntos porcentuales m\u00e1s bajo que en las proyecciones publicadas en enero de 2020, antes de la pandemia de COVID-19. El impacto adverso en los hogares de bajo ingreso es particularmente agudo, y pondr\u00eda en peligro el avance significativo de la lucha contra de la pobreza extrema logrado a nivel mundial desde la d\u00e9cada de 1990.<\/p>\n\n\n\n<h4 class=\"wp-block-heading\">PARA ACCEDER AL INFORME&nbsp;<a href=\"http:\/\/listas.cedla.org\/lt.php?tid=eUQAAAhUVVFTAEgHAFxXFFcDBFAfD1NWVB0EUg0AXQUAAV1SA1lIAAtbUgIJDVUUAFANUB8DU11WHVYGCgwUB1ReDVIJVwBRAw5UGAIMUAhSUw1WH1UGBVMdAFEJVxQOUw4KHlVUAFQKAANSBwhRAQ\" target=\"_blank\" aria-label=\"undefined (abre en una nueva pesta\u00f1a)\" rel=\"noreferrer noopener sponsored nofollow\">CLICK AQU\u00cd<\/a>:<\/h4>\n\n\n\n<p><\/p>\n","protected":false},"excerpt":{"rendered":"<p>El Fondo Monetario Internacional (FMI) ha Actualizaci\u00f3n sus perspectivas de crecimiento de la econom\u00eda mundial, a junio de 2020.<\/p>\n","protected":false},"author":12,"featured_media":7395,"comment_status":"closed","ping_status":"closed","sticky":false,"template":"","format":"standard","meta":{"_jetpack_memberships_contains_paid_content":false,"footnotes":"","jetpack_publicize_message":"","jetpack_publicize_feature_enabled":true,"jetpack_social_post_already_shared":true,"jetpack_social_options":{"image_generator_settings":{"template":"highway","default_image_id":0,"font":"","enabled":false},"version":2}},"categories":[7],"tags":[657,539,656],"class_list":["post-7368","post","type-post","status-publish","format-standard","has-post-thumbnail","hentry","category-otras-publicaciones","tag-boletin-7-julio-2020","tag-cedla","tag-politica-fiscal","item-wrap"],"jetpack_publicize_connections":[],"jetpack_featured_media_url":"https:\/\/i0.wp.com\/cebem.org\/wp-content\/uploads\/2020\/07\/InfoFMI2020_001.png?fit=612%2C792&ssl=1","jetpack_sharing_enabled":true,"_links":{"self":[{"href":"https:\/\/cebem.org\/index.php?rest_route=\/wp\/v2\/posts\/7368","targetHints":{"allow":["GET"]}}],"collection":[{"href":"https:\/\/cebem.org\/index.php?rest_route=\/wp\/v2\/posts"}],"about":[{"href":"https:\/\/cebem.org\/index.php?rest_route=\/wp\/v2\/types\/post"}],"author":[{"embeddable":true,"href":"https:\/\/cebem.org\/index.php?rest_route=\/wp\/v2\/users\/12"}],"replies":[{"embeddable":true,"href":"https:\/\/cebem.org\/index.php?rest_route=%2Fwp%2Fv2%2Fcomments&post=7368"}],"version-history":[{"count":4,"href":"https:\/\/cebem.org\/index.php?rest_route=\/wp\/v2\/posts\/7368\/revisions"}],"predecessor-version":[{"id":7513,"href":"https:\/\/cebem.org\/index.php?rest_route=\/wp\/v2\/posts\/7368\/revisions\/7513"}],"wp:featuredmedia":[{"embeddable":true,"href":"https:\/\/cebem.org\/index.php?rest_route=\/wp\/v2\/media\/7395"}],"wp:attachment":[{"href":"https:\/\/cebem.org\/index.php?rest_route=%2Fwp%2Fv2%2Fmedia&parent=7368"}],"wp:term":[{"taxonomy":"category","embeddable":true,"href":"https:\/\/cebem.org\/index.php?rest_route=%2Fwp%2Fv2%2Fcategories&post=7368"},{"taxonomy":"post_tag","embeddable":true,"href":"https:\/\/cebem.org\/index.php?rest_route=%2Fwp%2Fv2%2Ftags&post=7368"}],"curies":[{"name":"wp","href":"https:\/\/api.w.org\/{rel}","templated":true}]}}