
{"id":7339,"date":"2020-06-23T10:03:28","date_gmt":"2020-06-23T14:03:28","guid":{"rendered":"https:\/\/cebem.org\/?p=7339"},"modified":"2020-06-23T10:04:02","modified_gmt":"2020-06-23T14:04:02","slug":"feria-virtual-de-negocios-verdes-bolivia-2020","status":"publish","type":"post","link":"https:\/\/cebem.org\/?p=7339","title":{"rendered":"Feria virtual de negocios verdes Bolivia 2020"},"content":{"rendered":"\n<div class=\"wp-block-image\"><figure class=\"aligncenter size-large is-resized\"><img data-recalc-dims=\"1\" fetchpriority=\"high\" decoding=\"async\" src=\"https:\/\/i0.wp.com\/cebem.org\/wp-content\/uploads\/2020\/06\/FERIA-VIRTUAL-1.jpeg?resize=400%2C500&#038;ssl=1\" alt=\"\" class=\"wp-image-7341\" width=\"400\" height=\"500\" srcset=\"https:\/\/i0.wp.com\/cebem.org\/wp-content\/uploads\/2020\/06\/FERIA-VIRTUAL-1.jpeg?w=800&amp;ssl=1 800w, https:\/\/i0.wp.com\/cebem.org\/wp-content\/uploads\/2020\/06\/FERIA-VIRTUAL-1.jpeg?resize=240%2C300&amp;ssl=1 240w, https:\/\/i0.wp.com\/cebem.org\/wp-content\/uploads\/2020\/06\/FERIA-VIRTUAL-1.jpeg?resize=768%2C960&amp;ssl=1 768w, https:\/\/i0.wp.com\/cebem.org\/wp-content\/uploads\/2020\/06\/FERIA-VIRTUAL-1.jpeg?resize=600%2C750&amp;ssl=1 600w\" sizes=\"(max-width: 400px) 100vw, 400px\" \/><\/figure><\/div>\n\n\n\n<p>La C\u00e1mara Departamental de Industria de Cochabamba, mediante su&nbsp; Programa Centro de Intermediaci\u00f3n Empresarial de Residuos Valorizables \u201cCIERVA\u201d, en coordinaci\u00f3n con la Fundaci\u00f3n SWISSCONTACT, desarrollar\u00e1 los d\u00edas <strong>24, 25 y 26 de junio<\/strong> del presente a\u00f1o el evento: <strong>Feria virtual de negocios verdes Bolivia 2020\u201d .<\/strong><\/p>\n\n\n\n<p><strong>Visitas a los stands virtuales empresariales 24, 25 y 26 de junio, 2020<\/strong><\/p>\n\n\n\n<p>M\u00e1s de 45 negocios verdes y empresas&nbsp; mostrar\u00e1n sus productos, servicios, sus demandas y ofertas relacionado a la valorizaci\u00f3n de residuos, eficiencia energ\u00e9tica, gesti\u00f3n y tratamiento de aguas.<\/p>\n\n\n\n<p><strong>Rueda de Negocios Virtuales el d\u00eda 26 de junio, 2020<\/strong><\/p>\n\n\n\n<p>Reserva tus citas! Con el objetivo de interactuar con los negocios verdes mediante reuniones programas, las empresas y\/o visitantes&nbsp; podr\u00e1n solicitar sus citas para posibles intensiones de negocios.&nbsp;<\/p>\n\n\n\n<p><strong>Ponencias Magistrales 24 y 25 de junio, de horas 16:00 a 18:30<\/strong><\/p>\n\n\n\n<p>Participa! En las ponencias magistrales con relaci\u00f3n a las tem\u00e1ticas de circularidad para la mejora continua en la industria, con la participaci\u00f3n de ponentes expertos Nacionales e internacionales.<\/p>\n\n\n\n<h3 class=\"wp-block-heading\">Reg\u00edstrate&nbsp; en <a href=\"http:\/\/www.negociosverdes.bo\" target=\"_blank\" aria-label=\"undefined (abre en una nueva pesta\u00f1a)\" rel=\"noreferrer noopener\">www.negociosverdes.bo<\/a><\/h3>\n\n\n\n<h3 class=\"wp-block-heading\">Informes: Elvira Cruz \u2013 Coordinadora Programa CIERVA * 72251178<\/h3>\n","protected":false},"excerpt":{"rendered":"<p>La C\u00e1mara Departamental de Industria de Cochabamba, mediante su&nbsp; Programa Centro de Intermediaci\u00f3n Empresarial de Residuos Valorizables \u201cCIERVA\u201d, en coordinaci\u00f3n con la Fundaci\u00f3n SWISSCONTACT, desarrollar\u00e1 los d\u00edas 24, 25 y 26 de junio del presente a\u00f1o el evento: Feria virtual de negocios verdes Bolivia 2020\u201d . Visitas a los stands virtuales empresariales 24, 25 y &hellip; <\/p>\n<p><a class=\"more-link btn\" href=\"https:\/\/cebem.org\/?p=7339\">Seguir leyendo<\/a><\/p>\n","protected":false},"author":2,"featured_media":7341,"comment_status":"closed","ping_status":"closed","sticky":false,"template":"","format":"standard","meta":{"_jetpack_memberships_contains_paid_content":false,"footnotes":"","jetpack_publicize_message":"Feria virtual de negocios verdes #Bolivia 2020","jetpack_publicize_feature_enabled":true,"jetpack_social_post_already_shared":true,"jetpack_social_options":{"image_generator_settings":{"template":"highway","default_image_id":0,"font":"","enabled":false},"version":2}},"categories":[34],"tags":[645],"class_list":["post-7339","post","type-post","status-publish","format-standard","has-post-thumbnail","hentry","category-eventos","tag-even","item-wrap"],"jetpack_publicize_connections":[],"jetpack_featured_media_url":"https:\/\/i0.wp.com\/cebem.org\/wp-content\/uploads\/2020\/06\/FERIA-VIRTUAL-1.jpeg?fit=800%2C1000&ssl=1","jetpack_sharing_enabled":true,"_links":{"self":[{"href":"https:\/\/cebem.org\/index.php?rest_route=\/wp\/v2\/posts\/7339","targetHints":{"allow":["GET"]}}],"collection":[{"href":"https:\/\/cebem.org\/index.php?rest_route=\/wp\/v2\/posts"}],"about":[{"href":"https:\/\/cebem.org\/index.php?rest_route=\/wp\/v2\/types\/post"}],"author":[{"embeddable":true,"href":"https:\/\/cebem.org\/index.php?rest_route=\/wp\/v2\/users\/2"}],"replies":[{"embeddable":true,"href":"https:\/\/cebem.org\/index.php?rest_route=%2Fwp%2Fv2%2Fcomments&post=7339"}],"version-history":[{"count":2,"href":"https:\/\/cebem.org\/index.php?rest_route=\/wp\/v2\/posts\/7339\/revisions"}],"predecessor-version":[{"id":7343,"href":"https:\/\/cebem.org\/index.php?rest_route=\/wp\/v2\/posts\/7339\/revisions\/7343"}],"wp:featuredmedia":[{"embeddable":true,"href":"https:\/\/cebem.org\/index.php?rest_route=\/wp\/v2\/media\/7341"}],"wp:attachment":[{"href":"https:\/\/cebem.org\/index.php?rest_route=%2Fwp%2Fv2%2Fmedia&parent=7339"}],"wp:term":[{"taxonomy":"category","embeddable":true,"href":"https:\/\/cebem.org\/index.php?rest_route=%2Fwp%2Fv2%2Fcategories&post=7339"},{"taxonomy":"post_tag","embeddable":true,"href":"https:\/\/cebem.org\/index.php?rest_route=%2Fwp%2Fv2%2Ftags&post=7339"}],"curies":[{"name":"wp","href":"https:\/\/api.w.org\/{rel}","templated":true}]}}