
{"id":7335,"date":"2020-06-22T21:27:18","date_gmt":"2020-06-23T01:27:18","guid":{"rendered":"https:\/\/cebem.org\/?p=7335"},"modified":"2020-06-22T21:37:33","modified_gmt":"2020-06-23T01:37:33","slug":"beca-de-6-meses-para-trabajar-junto-con-el-equipo-de-climate-tracker-y-publicar-a-nivel-internacional","status":"publish","type":"post","link":"https:\/\/cebem.org\/?p=7335","title":{"rendered":"BECA de 6 meses para trabajar junto al equipo de Climate Tracker y publica a nivel INTERNACIONAL"},"content":{"rendered":"\n<div class=\"wp-block-image\"><figure class=\"aligncenter size-large\"><img data-recalc-dims=\"1\" fetchpriority=\"high\" decoding=\"async\" width=\"750\" height=\"285\" src=\"https:\/\/i0.wp.com\/cebem.org\/wp-content\/uploads\/2020\/06\/79531516_2812770495420774_3730696850588565504_n.png?resize=750%2C285&#038;ssl=1\" alt=\"\" class=\"wp-image-7336\" srcset=\"https:\/\/i0.wp.com\/cebem.org\/wp-content\/uploads\/2020\/06\/79531516_2812770495420774_3730696850588565504_n.png?w=820&amp;ssl=1 820w, https:\/\/i0.wp.com\/cebem.org\/wp-content\/uploads\/2020\/06\/79531516_2812770495420774_3730696850588565504_n.png?resize=300%2C114&amp;ssl=1 300w, https:\/\/i0.wp.com\/cebem.org\/wp-content\/uploads\/2020\/06\/79531516_2812770495420774_3730696850588565504_n.png?resize=768%2C292&amp;ssl=1 768w, https:\/\/i0.wp.com\/cebem.org\/wp-content\/uploads\/2020\/06\/79531516_2812770495420774_3730696850588565504_n.png?resize=600%2C228&amp;ssl=1 600w\" sizes=\"(max-width: 750px) 100vw, 750px\" \/><\/figure><\/div>\n\n\n\n<p>La b\u00fasqueda de la sostenibilidad ya est\u00e1 transformando el paisaje para el desarrollo, el turismo, la agricultura, la econom\u00eda y todos los dem\u00e1s aspectos de nuestras vidas.&nbsp;Est\u00e1 afectando la forma en que las empresas y los gobiernos de todo el mundo piensan sobre productos, tecnolog\u00edas, procesos y modelos de negocio.&nbsp;Es clave para el progreso, particularmente en estos tiempos de crisis econ\u00f3mica y ser\u00e1 un elemento fundamental para innovar nuestro futuro.<br><br>Para obtener una visi\u00f3n m\u00e1s profunda de la sostenibilidad y de lo que significa en todo el mundo, nos hemos asociado con&nbsp;<a href=\"https:\/\/www.oneearth.org\/\" target=\"_blank\" rel=\"noreferrer noopener\">One Earth<\/a>&nbsp;, para brindarle esta incre\u00edble oportunidad de ser parte de un combo de mentores y becas de medios de pago de 6 meses.<\/p>\n\n\n\n<p>Si eres seleccionado, \u00a1comenzar\u00e1s un viaje de 6 meses con nosotros!&nbsp;Escribir y publicar poderosas historias de sostenibilidad centradas en soluciones locales en su pa\u00eds \/ regi\u00f3n.&nbsp;Te acompa\u00f1aremos, entrenaremos y asesoraremos, a medida que produzcas una historia original cada mes para tu tiempo como miembro.&nbsp;Todas las historias incluir\u00e1n fotos originales y a lo largo de la Comunidad tu mentor interactuar\u00e1 y te guiar\u00e1.<\/p>\n\n\n\n<p><strong>&#8211; \u00bfPor qu\u00e9 deber\u00eda unirme?&nbsp;&#8211;<\/strong><\/p>\n\n\n\n<p>Esta no solo es una gran oportunidad para construir su red en todo el mundo e interactuar con periodistas m\u00e1s all\u00e1 de su pa\u00eds \/ regi\u00f3n, es una oportunidad fant\u00e1stica para obtener experiencia pr\u00e1ctica en la presentaci\u00f3n de informes sobre el cambio clim\u00e1tico y los problemas de sostenibilidad.<\/p>\n\n\n\n<p>Si eso no es suficiente para atraerlo a presentar una solicitud, \u00bfqu\u00e9 tal esto?<\/p>\n\n\n\n<ul class=\"wp-block-list\"><li>Estipendio de 150 USD por mes<\/li><li>6 meses de tutor\u00eda y edici\u00f3n (hasta finales de 2020)<\/li><li>Publicaci\u00f3n en el sitio web de One Earth + Climate Tracker<\/li><\/ul>\n\n\n\n<p><strong>Reg\u00edstrese en la aplicaci\u00f3n Climate Tracker y env\u00edenos lo siguiente:<\/strong><\/p>\n\n\n\n<ul class=\"wp-block-list\"><li>Un gran lanzamiento que trata sobre una historia local sostenible, de la que puedes estar seguro, se puede publicar en julio.&nbsp;<\/li><\/ul>\n\n\n\n<p>La combinaci\u00f3n del mejor trabajo y los mejores lanzamientos ganar\u00e1 esta incre\u00edble oportunidad.&nbsp;\u00a1As\u00ed que empieza a pensar en tus ideas y cont\u00e1ctanos ahora!<\/p>\n\n\n\n<p>Para obtener una gu\u00eda de lanzamiento, consulte nuestra gu\u00eda -&gt; haga clic&nbsp;&nbsp;<a href=\"https:\/\/bit.ly\/oe-pitch\">aq<\/a><a href=\"https:\/\/bit.ly\/oe-pitch\" target=\"_blank\" rel=\"noreferrer noopener\">u<\/a><a href=\"https:\/\/bit.ly\/oe-pitch\">\u00ed.&nbsp;<\/a>&nbsp;<br><br>A continuaci\u00f3n, recopilaremos todos los lanzamientos incre\u00edbles, los revisaremos, pasaremos por un per\u00edodo de preselecci\u00f3n y, si lo seleccionas, ser\u00e1s contactado para una entrevista antes de hacer las selecciones finales.&nbsp;<\/p>\n\n\n\n<p>Para ver toda la informaci\u00f3n, consejos y preguntas, puede consultar nuestro sitio web aqu\u00ed para obtener una gu\u00eda perspicaz sobre c\u00f3mo informar sobre el cambio clim\u00e1tico. Pero si a\u00fan tiene dudas, no dude en enviarnos un correo electr\u00f3nico a chris@climatetracker.org.&nbsp;<\/p>\n\n\n\n<h3 class=\"has-text-align-center wp-block-heading\"><strong>Fecha l\u00edmite: 26 de junio<\/strong><\/h3>\n\n\n\n<p><strong>\u00bfQu\u00e9 estamos buscando en nuestros compa\u00f1eros?<br><br><\/strong>Los candidatos ideales tendr\u00e1n:<\/p>\n\n\n\n<ul class=\"wp-block-list\"><li>1 a\u00f1o de experiencia period\u00edstica min<\/li><li>El hambre para mejorar como periodistas: esta es una experiencia de aprendizaje<\/li><li>Historia de escribir historias de soluciones de calidad<\/li><li>Posibilidad de tomar fotos de buena calidad.<\/li><\/ul>\n\n\n\n<h3 class=\"wp-block-heading\"><a href=\"https:\/\/act.climatetracker.org\/3fc4722a-a56a-4d7c-9f40-d9552eae0357\" target=\"_blank\" rel=\"noreferrer noopener\">M\u00e1s informaci\u00f3n<\/a><\/h3>\n\n\n\n<p><\/p>\n","protected":false},"excerpt":{"rendered":"<p>La b\u00fasqueda de la sostenibilidad ya est\u00e1 transformando el paisaje para el desarrollo, el turismo, la agricultura, la econom\u00eda y todos los dem\u00e1s aspectos de nuestras vidas.&nbsp;Est\u00e1 afectando la forma en que las empresas y los gobiernos de todo el mundo piensan sobre productos, tecnolog\u00edas, procesos y modelos de negocio.&nbsp;Es clave para el progreso, particularmente &hellip; <\/p>\n<p><a class=\"more-link btn\" href=\"https:\/\/cebem.org\/?p=7335\">Seguir leyendo<\/a><\/p>\n","protected":false},"author":2,"featured_media":7336,"comment_status":"closed","ping_status":"closed","sticky":false,"template":"","format":"standard","meta":{"_jetpack_memberships_contains_paid_content":false,"footnotes":"","jetpack_publicize_message":"#BECA de 6 meses para trabajar junto con el equipo de @ClimateTracker y publicar a nivel INTERNACIONAL","jetpack_publicize_feature_enabled":true,"jetpack_social_post_already_shared":true,"jetpack_social_options":{"image_generator_settings":{"template":"highway","default_image_id":0,"font":"","enabled":false},"version":2}},"categories":[8],"tags":[20,622,85],"class_list":["post-7335","post","type-post","status-publish","format-standard","has-post-thumbnail","hentry","category-convocatorias","tag-becas","tag-boletin-5-mayo-2020","tag-convocatoria","item-wrap"],"jetpack_publicize_connections":[],"jetpack_featured_media_url":"https:\/\/i0.wp.com\/cebem.org\/wp-content\/uploads\/2020\/06\/79531516_2812770495420774_3730696850588565504_n.png?fit=820%2C312&ssl=1","jetpack_sharing_enabled":true,"_links":{"self":[{"href":"https:\/\/cebem.org\/index.php?rest_route=\/wp\/v2\/posts\/7335","targetHints":{"allow":["GET"]}}],"collection":[{"href":"https:\/\/cebem.org\/index.php?rest_route=\/wp\/v2\/posts"}],"about":[{"href":"https:\/\/cebem.org\/index.php?rest_route=\/wp\/v2\/types\/post"}],"author":[{"embeddable":true,"href":"https:\/\/cebem.org\/index.php?rest_route=\/wp\/v2\/users\/2"}],"replies":[{"embeddable":true,"href":"https:\/\/cebem.org\/index.php?rest_route=%2Fwp%2Fv2%2Fcomments&post=7335"}],"version-history":[{"count":2,"href":"https:\/\/cebem.org\/index.php?rest_route=\/wp\/v2\/posts\/7335\/revisions"}],"predecessor-version":[{"id":7338,"href":"https:\/\/cebem.org\/index.php?rest_route=\/wp\/v2\/posts\/7335\/revisions\/7338"}],"wp:featuredmedia":[{"embeddable":true,"href":"https:\/\/cebem.org\/index.php?rest_route=\/wp\/v2\/media\/7336"}],"wp:attachment":[{"href":"https:\/\/cebem.org\/index.php?rest_route=%2Fwp%2Fv2%2Fmedia&parent=7335"}],"wp:term":[{"taxonomy":"category","embeddable":true,"href":"https:\/\/cebem.org\/index.php?rest_route=%2Fwp%2Fv2%2Fcategories&post=7335"},{"taxonomy":"post_tag","embeddable":true,"href":"https:\/\/cebem.org\/index.php?rest_route=%2Fwp%2Fv2%2Ftags&post=7335"}],"curies":[{"name":"wp","href":"https:\/\/api.w.org\/{rel}","templated":true}]}}