
{"id":7311,"date":"2020-06-12T08:29:00","date_gmt":"2020-06-12T12:29:00","guid":{"rendered":"https:\/\/cebem.org\/?p=7311"},"modified":"2020-06-12T08:29:00","modified_gmt":"2020-06-12T12:29:00","slug":"boletin-de-sociedad-peruana-de-derecho-ambiental","status":"publish","type":"post","link":"https:\/\/cebem.org\/?p=7311","title":{"rendered":"Bolet\u00edn de Sociedad Peruana de Derecho Ambiental"},"content":{"rendered":"\n<div class=\"wp-block-image\"><figure class=\"aligncenter size-large is-resized\"><img data-recalc-dims=\"1\" fetchpriority=\"high\" decoding=\"async\" src=\"https:\/\/i0.wp.com\/cebem.org\/wp-content\/uploads\/2020\/06\/Zrzut-ekranu-2020-06-11-o-22.34.47.png?resize=587%2C507&#038;ssl=1\" alt=\"\" class=\"wp-image-7312\" width=\"587\" height=\"507\" srcset=\"https:\/\/i0.wp.com\/cebem.org\/wp-content\/uploads\/2020\/06\/Zrzut-ekranu-2020-06-11-o-22.34.47.png?resize=1024%2C886&amp;ssl=1 1024w, https:\/\/i0.wp.com\/cebem.org\/wp-content\/uploads\/2020\/06\/Zrzut-ekranu-2020-06-11-o-22.34.47.png?resize=300%2C260&amp;ssl=1 300w, https:\/\/i0.wp.com\/cebem.org\/wp-content\/uploads\/2020\/06\/Zrzut-ekranu-2020-06-11-o-22.34.47.png?resize=768%2C665&amp;ssl=1 768w, https:\/\/i0.wp.com\/cebem.org\/wp-content\/uploads\/2020\/06\/Zrzut-ekranu-2020-06-11-o-22.34.47.png?resize=600%2C519&amp;ssl=1 600w, https:\/\/i0.wp.com\/cebem.org\/wp-content\/uploads\/2020\/06\/Zrzut-ekranu-2020-06-11-o-22.34.47.png?w=1070&amp;ssl=1 1070w\" sizes=\"(max-width: 587px) 100vw, 587px\" \/><\/figure><\/div>\n\n\n\n<p><strong>Sociedad Peruana de Derecho Ambiental&nbsp;<\/strong>es una asociaci\u00f3n civil sin fines de lucro que \u2013desde su fundaci\u00f3n en el a\u00f1o 1986\u2013 ha trabajado de manera ininterrumpida en la promoci\u00f3n de pol\u00edticas y legislaci\u00f3n ambiental y en el dise\u00f1o e implementaci\u00f3n de instrumentos que favorezcan el desarrollo sostenible bajo principios de gobernanza, equidad y justicia.<\/p>\n\n\n\n<p>Les invitamos a leer las noticias del bolet\u00edn:<\/p>\n\n\n\n<ul class=\"wp-block-list\"><li><a rel=\"noreferrer noopener\" href=\"https:\/\/www.actualidadambiental.pe\/webinar-defensores-ambientales-y-el-acuerdo-de-escazu-desde-la-mirada-de-expertos-nacionales-e-internacionales\/\" target=\"_blank\">[Webinar] Defensores ambientales y el Acuerdo de Escaz\u00fa desde la mirada de expertos nacionales e internacionales&nbsp;<\/a><\/li><li><a rel=\"noreferrer noopener\" href=\"https:\/\/www.actualidadambiental.pe\/caso-serfor-la-importancia-de-fortalecer-la-institucionalidad-forestal-y-de-fauna-silvestre\/\" target=\"_blank\">Caso Serfor: la importancia de fortalecer la institucionalidad forestal y de fauna silvestre<\/a><\/li><li><a rel=\"noreferrer noopener\" href=\"https:\/\/www.actualidadambiental.pe\/video-defensores-ambientales-que-medidas-se-deben-adoptar-para-su-proteccion-en-plena-pandemia\/\" target=\"_blank\">[Video] Defensores ambientales: \u00bfqu\u00e9 medidas se deben adoptar para su protecci\u00f3n en plena pandemia?<\/a><\/li><\/ul>\n\n\n\n<p><strong><a href=\"https:\/\/mailchi.mp\/94743223822b\/coronavirus-pueblos-indgenas-ley-piaci-y-acuerdo-de-escaz-768501?e=f0289ba891\" target=\"_blank\" rel=\"noreferrer noopener\">Lee el bolet\u00edn completo aqu\u00ed<\/a><\/strong><\/p>\n","protected":false},"excerpt":{"rendered":"<p>Sociedad Peruana de Derecho Ambiental ha trabajado de manera ininterrumpida en la promoci\u00f3n de pol\u00edticas y legislaci\u00f3n ambiental. <\/p>\n","protected":false},"author":10,"featured_media":7313,"comment_status":"closed","ping_status":"closed","sticky":false,"template":"","format":"standard","meta":{"_jetpack_memberships_contains_paid_content":false,"footnotes":"","jetpack_publicize_message":"Bolet\u00edn de Sociedad Peruana de Derecho Ambiental #SPDA ","jetpack_publicize_feature_enabled":true,"jetpack_social_post_already_shared":true,"jetpack_social_options":{"image_generator_settings":{"template":"highway","default_image_id":0,"font":"","enabled":false},"version":2}},"categories":[5],"tags":[641,119,633],"class_list":["post-7311","post","type-post","status-publish","format-standard","has-post-thumbnail","hentry","category-boletin","tag-boletin-6-junio-2020","tag-medio-ambiente","tag-spda","item-wrap"],"jetpack_publicize_connections":[],"jetpack_featured_media_url":"https:\/\/i0.wp.com\/cebem.org\/wp-content\/uploads\/2020\/06\/Zrzut-ekranu-2020-06-11-o-22.41.20.png?fit=1128%2C382&ssl=1","jetpack_sharing_enabled":true,"_links":{"self":[{"href":"https:\/\/cebem.org\/index.php?rest_route=\/wp\/v2\/posts\/7311","targetHints":{"allow":["GET"]}}],"collection":[{"href":"https:\/\/cebem.org\/index.php?rest_route=\/wp\/v2\/posts"}],"about":[{"href":"https:\/\/cebem.org\/index.php?rest_route=\/wp\/v2\/types\/post"}],"author":[{"embeddable":true,"href":"https:\/\/cebem.org\/index.php?rest_route=\/wp\/v2\/users\/10"}],"replies":[{"embeddable":true,"href":"https:\/\/cebem.org\/index.php?rest_route=%2Fwp%2Fv2%2Fcomments&post=7311"}],"version-history":[{"count":2,"href":"https:\/\/cebem.org\/index.php?rest_route=\/wp\/v2\/posts\/7311\/revisions"}],"predecessor-version":[{"id":7315,"href":"https:\/\/cebem.org\/index.php?rest_route=\/wp\/v2\/posts\/7311\/revisions\/7315"}],"wp:featuredmedia":[{"embeddable":true,"href":"https:\/\/cebem.org\/index.php?rest_route=\/wp\/v2\/media\/7313"}],"wp:attachment":[{"href":"https:\/\/cebem.org\/index.php?rest_route=%2Fwp%2Fv2%2Fmedia&parent=7311"}],"wp:term":[{"taxonomy":"category","embeddable":true,"href":"https:\/\/cebem.org\/index.php?rest_route=%2Fwp%2Fv2%2Fcategories&post=7311"},{"taxonomy":"post_tag","embeddable":true,"href":"https:\/\/cebem.org\/index.php?rest_route=%2Fwp%2Fv2%2Ftags&post=7311"}],"curies":[{"name":"wp","href":"https:\/\/api.w.org\/{rel}","templated":true}]}}