
{"id":7287,"date":"2020-05-29T10:00:00","date_gmt":"2020-05-29T14:00:00","guid":{"rendered":"https:\/\/cebem.org\/?p=7287"},"modified":"2020-06-04T21:58:44","modified_gmt":"2020-06-05T01:58:44","slug":"pensamientos-de-sostenibilidad-106-podemos-resolver-un-problema-de-sostenibilidad-ambiental-atreves-del-manejo-de-las-consecuencias-de-ese-problema-y-si-no-porque-no","status":"publish","type":"post","link":"https:\/\/cebem.org\/?p=7287","title":{"rendered":"Pensamientos de sostenibilidad 106: \u00bfPodemos resolver un problema de sostenibilidad ambiental atreves del manejo de las consecuencias de ese problema? \u00bfY si no, porque no?"},"content":{"rendered":"\n<p><strong>Por<\/strong>: <strong>Lucio Mu\u00f1oz <\/strong>&#8211; Investigador \/ consultor comparativo cualitativo independiente, Vancouver, BC, Canad\u00e1.<br>Correo electr\u00f3nico: <a href=\"mailto:munoz@interchange.ubc.ca\" target=\"_blank\" rel=\"noreferrer noopener\">munoz@interchange.ubc.ca<\/a><\/p>\n\n\n\n<div class=\"wp-block-image\"><figure class=\"aligncenter size-large\"><img data-recalc-dims=\"1\" fetchpriority=\"high\" decoding=\"async\" width=\"400\" height=\"300\" src=\"https:\/\/i0.wp.com\/cebem.org\/wp-content\/uploads\/2020\/06\/ART146F2SPANISH.jpg?resize=400%2C300&#038;ssl=1\" alt=\"\" class=\"wp-image-7289\" srcset=\"https:\/\/i0.wp.com\/cebem.org\/wp-content\/uploads\/2020\/06\/ART146F2SPANISH.jpg?w=400&amp;ssl=1 400w, https:\/\/i0.wp.com\/cebem.org\/wp-content\/uploads\/2020\/06\/ART146F2SPANISH.jpg?resize=300%2C225&amp;ssl=1 300w\" sizes=\"(max-width: 400px) 100vw, 400px\" \/><\/figure><\/div>\n\n\n\n<p><strong>Res\u00famen<\/strong><\/p>\n\n\n\n<p>Existe un problema de externalidad ambiental que afecta la sostenibilidad del mercado tradicional. \u00a0Este problema de sostenibilidad tiene una causa ra\u00edz y tiene consecuencias. \u00a0Atacando la causa ra\u00edz requiere una soluci\u00f3n de sostenibilidad ambiental, la cual corrige la distorsi\u00f3n de costos al mismo tiempo que toma control de las consecuencias. \u00a0Una movida lejos del pensamiento de los negocios usuales y dentro del pensamiento perfecto del mercado verde. \u00a0Enfrentar las consecuencias requiere un parche de desarrollo sostenible que aborde algunas de las consecuencias mientras deja intacta la causa ra\u00edz del problema de generaci\u00f3n de externalidad ambiental. \u00a0Un movimiento dentro de negocios como de costumbre, pero con una cara ambiental que cae fuera del pensamiento perfecto del mercado verde. \u00a0La Conferencia de las Naciones Unidas sobre el Desarrollo Sostenible de 2012 R\u00edo + 20 aparentemente hab\u00eda elegido una correcci\u00f3n de sostenibilidad ambiental como soluci\u00f3n a un problema de sostenibilidad ambiental, pero de alguna manera han cambiado de direcci\u00f3n y hoy vemos a un mundo usando herramientas de desarrollo sostenible como el manejo de externalidad ambiental. \u00a0Las razones por las cuales antes y poco despu\u00e9s de la Conferencia de las Naciones Unidas sobre el Desarrollo Sostenible de 2012 R\u00edo + 20 fuimos pro-mercados verdes, pro-econom\u00edas verdes, y pro-crecimiento verde, y luego, poco despu\u00e9s de la conferencia nos fuimos pro-no mercados verdes, est\u00e1 m\u00e1s all\u00e1 del foco de este documento. \u00a0Entender la naturaleza de la correcci\u00f3n de mercado verde al problema de externalidad ambiental si hubieran continuado con ella y entender la naturaleza del parche de mercado de manejo de externalidad ambiental que se est\u00e1 utilizando en este momento son aspectos relevantes para este documento y para la comunidad acad\u00e9mica y pol\u00edtica en general. \u00a0La discusi\u00f3n anterior plantea las preguntas; \u00bfPodemos resolver un problema de sostenibilidad ambiental atreves del manejo de las consecuencias de ese problema? \u00bfY si no, porque no?Entre los objetivos de este documento est\u00e1 proporcionar una respuesta a esas preguntas anal\u00edticamente y gr\u00e1ficamente.<\/p>\n\n\n\n<div class=\"wp-block-file\"><a href=\"https:\/\/cebem.org\/wp-content\/uploads\/2020\/06\/ART146.pdf\">Ver art\u00edculo completo<\/a><a href=\"https:\/\/cebem.org\/wp-content\/uploads\/2020\/06\/ART146.pdf\" class=\"wp-block-file__button\" download>Descarga<\/a><\/div>\n","protected":false},"excerpt":{"rendered":"<p>Existe un problema de externalidad ambiental que afecta la sostenibilidad del mercado tradicional.  Este problema de sostenibilidad tiene una causa ra\u00edz y tiene consecuencias.  Atacando la causa ra\u00edz requiere una soluci\u00f3n de sostenibilidad ambiental, la cual corrige la distorsi\u00f3n de costos al mismo tiempo que toma control de las consecuencias.<\/p>\n","protected":false},"author":2,"featured_media":7289,"comment_status":"closed","ping_status":"closed","sticky":false,"template":"","format":"standard","meta":{"_jetpack_memberships_contains_paid_content":false,"footnotes":"","jetpack_publicize_message":"","jetpack_publicize_feature_enabled":true,"jetpack_social_post_already_shared":true,"jetpack_social_options":{"image_generator_settings":{"template":"highway","default_image_id":0,"font":"","enabled":false},"version":2}},"categories":[7],"tags":[29,622],"class_list":["post-7287","post","type-post","status-publish","format-standard","has-post-thumbnail","hentry","category-otras-publicaciones","tag-articulo","tag-boletin-5-mayo-2020","item-wrap"],"jetpack_publicize_connections":[],"jetpack_featured_media_url":"https:\/\/i0.wp.com\/cebem.org\/wp-content\/uploads\/2020\/06\/ART146F2SPANISH.jpg?fit=400%2C300&ssl=1","jetpack_sharing_enabled":true,"_links":{"self":[{"href":"https:\/\/cebem.org\/index.php?rest_route=\/wp\/v2\/posts\/7287","targetHints":{"allow":["GET"]}}],"collection":[{"href":"https:\/\/cebem.org\/index.php?rest_route=\/wp\/v2\/posts"}],"about":[{"href":"https:\/\/cebem.org\/index.php?rest_route=\/wp\/v2\/types\/post"}],"author":[{"embeddable":true,"href":"https:\/\/cebem.org\/index.php?rest_route=\/wp\/v2\/users\/2"}],"replies":[{"embeddable":true,"href":"https:\/\/cebem.org\/index.php?rest_route=%2Fwp%2Fv2%2Fcomments&post=7287"}],"version-history":[{"count":1,"href":"https:\/\/cebem.org\/index.php?rest_route=\/wp\/v2\/posts\/7287\/revisions"}],"predecessor-version":[{"id":7290,"href":"https:\/\/cebem.org\/index.php?rest_route=\/wp\/v2\/posts\/7287\/revisions\/7290"}],"wp:featuredmedia":[{"embeddable":true,"href":"https:\/\/cebem.org\/index.php?rest_route=\/wp\/v2\/media\/7289"}],"wp:attachment":[{"href":"https:\/\/cebem.org\/index.php?rest_route=%2Fwp%2Fv2%2Fmedia&parent=7287"}],"wp:term":[{"taxonomy":"category","embeddable":true,"href":"https:\/\/cebem.org\/index.php?rest_route=%2Fwp%2Fv2%2Fcategories&post=7287"},{"taxonomy":"post_tag","embeddable":true,"href":"https:\/\/cebem.org\/index.php?rest_route=%2Fwp%2Fv2%2Ftags&post=7287"}],"curies":[{"name":"wp","href":"https:\/\/api.w.org\/{rel}","templated":true}]}}