
{"id":7254,"date":"2020-05-28T13:48:01","date_gmt":"2020-05-28T17:48:01","guid":{"rendered":"https:\/\/cebem.org\/?p=7254"},"modified":"2020-05-28T13:49:27","modified_gmt":"2020-05-28T17:49:27","slug":"boletin-spda-covid-19-y-demanda-de-pueblos-indigenas-agenda-climatica-y-operativos-contra-la-mineria-ilegal","status":"publish","type":"post","link":"https:\/\/cebem.org\/?p=7254","title":{"rendered":"Bolet\u00edn SPDA: COVID-19 y demanda de pueblos ind\u00edgenas, agenda clim\u00e1tica y operativos contra la miner\u00eda ilegal"},"content":{"rendered":"\n<div class=\"wp-block-image\"><figure class=\"aligncenter size-large is-resized\"><img data-recalc-dims=\"1\" fetchpriority=\"high\" decoding=\"async\" src=\"https:\/\/i0.wp.com\/cebem.org\/wp-content\/uploads\/2020\/05\/Zrzut-ekranu-2020-05-28-o-13.37.20.png?resize=638%2C415&#038;ssl=1\" alt=\"\" class=\"wp-image-7255\" width=\"638\" height=\"415\" srcset=\"https:\/\/i0.wp.com\/cebem.org\/wp-content\/uploads\/2020\/05\/Zrzut-ekranu-2020-05-28-o-13.37.20.png?resize=1024%2C667&amp;ssl=1 1024w, https:\/\/i0.wp.com\/cebem.org\/wp-content\/uploads\/2020\/05\/Zrzut-ekranu-2020-05-28-o-13.37.20.png?resize=300%2C195&amp;ssl=1 300w, https:\/\/i0.wp.com\/cebem.org\/wp-content\/uploads\/2020\/05\/Zrzut-ekranu-2020-05-28-o-13.37.20.png?resize=768%2C500&amp;ssl=1 768w, https:\/\/i0.wp.com\/cebem.org\/wp-content\/uploads\/2020\/05\/Zrzut-ekranu-2020-05-28-o-13.37.20.png?resize=600%2C391&amp;ssl=1 600w, https:\/\/i0.wp.com\/cebem.org\/wp-content\/uploads\/2020\/05\/Zrzut-ekranu-2020-05-28-o-13.37.20.png?w=1102&amp;ssl=1 1102w\" sizes=\"(max-width: 638px) 100vw, 638px\" \/><\/figure><\/div>\n\n\n\n<p><strong>Sociedad Peruana de Derecho Ambiental&nbsp;<\/strong>es una asociaci\u00f3n civil sin fines de lucro que \u2013desde su fundaci\u00f3n en el a\u00f1o 1986\u2013 ha trabajado de manera ininterrumpida en la promoci\u00f3n de pol\u00edticas y legislaci\u00f3n ambiental y en el dise\u00f1o e implementaci\u00f3n de instrumentos que favorezcan el desarrollo sostenible bajo principios de gobernanza, equidad y justicia.<\/p>\n\n\n\n<p>Les invitamos a leer las noticias del bolet\u00edn:<\/p>\n\n\n\n<ul class=\"wp-block-list\"><li><a rel=\"noreferrer noopener\" href=\"https:\/\/www.actualidadambiental.pe\/mas-de-50-operativos-contra-mineria-ilegal-se-han-realizado-durante-estado-de-emergencia\/\" target=\"_blank\">M\u00e1s de 50 operativos contra miner\u00eda ilegal se han realizado durante estado de emergencia<\/a><\/li><li><a rel=\"noreferrer noopener\" href=\"https:\/\/www.actualidadambiental.pe\/inician-proceso-participativo-para-conservacion-y-gestion-sostenible-de-los-bosques\/\" target=\"_blank\">Inician proceso participativo para conservaci\u00f3n y gesti\u00f3n sostenible de los bosques<\/a><\/li><li><a rel=\"noreferrer noopener\" href=\"https:\/\/www.actualidadambiental.pe\/mincul-tradujo-informacion-sobre-covid-19-a-6-lenguas-nativas-mas-habladas-de-loreto\/\" target=\"_blank\">Mincul tradujo informaci\u00f3n sobre COVID-19 a 6 lenguas nativas m\u00e1s habladas de Loreto<\/a><\/li><\/ul>\n\n\n\n<p><strong><a href=\"https:\/\/mailchi.mp\/b8af2471205d\/comunidades-nativas-coronavirus-y-propuestas-para-quedarse-en-casa-768405?e=90c9ce6af7\" target=\"_blank\" rel=\"noreferrer noopener\">Lee el bolet\u00edn completo aqu\u00ed<\/a><\/strong><\/p>\n","protected":false},"excerpt":{"rendered":"<p>Sociedad Peruana de Derecho Ambiental es una asociaci\u00f3n que trabaja en la promoci\u00f3n de pol\u00edticas y legislaci\u00f3n ambiental.<\/p>\n","protected":false},"author":10,"featured_media":7256,"comment_status":"closed","ping_status":"closed","sticky":false,"template":"","format":"standard","meta":{"_jetpack_memberships_contains_paid_content":false,"footnotes":"","jetpack_publicize_message":"Bolet\u00edn #SPDA: #COVID-19 y demanda de pueblos #ind\u00edgenas, agenda clim\u00e1tica y operativos contra la miner\u00eda ilegal","jetpack_publicize_feature_enabled":true,"jetpack_social_post_already_shared":true,"jetpack_social_options":{"image_generator_settings":{"template":"highway","default_image_id":0,"font":"","enabled":false},"version":2}},"categories":[5],"tags":[622,60,572,634,633],"class_list":["post-7254","post","type-post","status-publish","format-standard","has-post-thumbnail","hentry","category-boletin","tag-boletin-5-mayo-2020","tag-cambio-climatico","tag-indigena","tag-mineria-2","tag-spda","item-wrap"],"jetpack_publicize_connections":[],"jetpack_featured_media_url":"https:\/\/i0.wp.com\/cebem.org\/wp-content\/uploads\/2020\/05\/Zrzut-ekranu-2020-05-28-o-13.46.01.png?fit=1266%2C886&ssl=1","jetpack_sharing_enabled":true,"_links":{"self":[{"href":"https:\/\/cebem.org\/index.php?rest_route=\/wp\/v2\/posts\/7254","targetHints":{"allow":["GET"]}}],"collection":[{"href":"https:\/\/cebem.org\/index.php?rest_route=\/wp\/v2\/posts"}],"about":[{"href":"https:\/\/cebem.org\/index.php?rest_route=\/wp\/v2\/types\/post"}],"author":[{"embeddable":true,"href":"https:\/\/cebem.org\/index.php?rest_route=\/wp\/v2\/users\/10"}],"replies":[{"embeddable":true,"href":"https:\/\/cebem.org\/index.php?rest_route=%2Fwp%2Fv2%2Fcomments&post=7254"}],"version-history":[{"count":2,"href":"https:\/\/cebem.org\/index.php?rest_route=\/wp\/v2\/posts\/7254\/revisions"}],"predecessor-version":[{"id":7258,"href":"https:\/\/cebem.org\/index.php?rest_route=\/wp\/v2\/posts\/7254\/revisions\/7258"}],"wp:featuredmedia":[{"embeddable":true,"href":"https:\/\/cebem.org\/index.php?rest_route=\/wp\/v2\/media\/7256"}],"wp:attachment":[{"href":"https:\/\/cebem.org\/index.php?rest_route=%2Fwp%2Fv2%2Fmedia&parent=7254"}],"wp:term":[{"taxonomy":"category","embeddable":true,"href":"https:\/\/cebem.org\/index.php?rest_route=%2Fwp%2Fv2%2Fcategories&post=7254"},{"taxonomy":"post_tag","embeddable":true,"href":"https:\/\/cebem.org\/index.php?rest_route=%2Fwp%2Fv2%2Ftags&post=7254"}],"curies":[{"name":"wp","href":"https:\/\/api.w.org\/{rel}","templated":true}]}}