
{"id":7230,"date":"2020-05-22T12:19:14","date_gmt":"2020-05-22T16:19:14","guid":{"rendered":"https:\/\/cebem.org\/?p=7230"},"modified":"2020-05-22T12:19:16","modified_gmt":"2020-05-22T16:19:16","slug":"programa-de-liderazgo-de-mujeres-para-la-gestion-del-agua","status":"publish","type":"post","link":"https:\/\/cebem.org\/?p=7230","title":{"rendered":"Programa de liderazgo de mujeres para la gesti\u00f3n del agua"},"content":{"rendered":"\n<div class=\"wp-block-image\"><figure class=\"aligncenter size-large\"><img data-recalc-dims=\"1\" fetchpriority=\"high\" decoding=\"async\" width=\"750\" height=\"500\" src=\"https:\/\/i0.wp.com\/cebem.org\/wp-content\/uploads\/2020\/05\/Zrzut-ekranu-2020-05-22-o-12.12.13.png?resize=750%2C500&#038;ssl=1\" alt=\"\" class=\"wp-image-7231\" srcset=\"https:\/\/i0.wp.com\/cebem.org\/wp-content\/uploads\/2020\/05\/Zrzut-ekranu-2020-05-22-o-12.12.13.png?resize=1024%2C682&amp;ssl=1 1024w, https:\/\/i0.wp.com\/cebem.org\/wp-content\/uploads\/2020\/05\/Zrzut-ekranu-2020-05-22-o-12.12.13.png?resize=300%2C200&amp;ssl=1 300w, https:\/\/i0.wp.com\/cebem.org\/wp-content\/uploads\/2020\/05\/Zrzut-ekranu-2020-05-22-o-12.12.13.png?resize=768%2C511&amp;ssl=1 768w, https:\/\/i0.wp.com\/cebem.org\/wp-content\/uploads\/2020\/05\/Zrzut-ekranu-2020-05-22-o-12.12.13.png?resize=600%2C399&amp;ssl=1 600w, https:\/\/i0.wp.com\/cebem.org\/wp-content\/uploads\/2020\/05\/Zrzut-ekranu-2020-05-22-o-12.12.13.png?resize=1536%2C1022&amp;ssl=1 1536w, https:\/\/i0.wp.com\/cebem.org\/wp-content\/uploads\/2020\/05\/Zrzut-ekranu-2020-05-22-o-12.12.13.png?w=2004&amp;ssl=1 2004w\" sizes=\"(max-width: 750px) 100vw, 750px\" \/><\/figure><\/div>\n\n\n\n<p>El consorcio conformado por Cedepas Norte,&nbsp;<strong>desco<\/strong>&nbsp;y la Maestr\u00eda de Gesti\u00f3n de los Recursos H\u00eddricos de la PUCP, en el marco del proyecto \u201cInfraestructura Natural para la Seguridad H\u00eddrica\u201d (INSH) \u2013ejecutado por Forest Trends, el Consorcio para el Desarrollo de la Ecorregi\u00f3n Andina (CONDESAN), la Sociedad Peruana de Derecho Ambiental (SPDA), EcoDecisi\u00f3n e investigadores del Imperial College London\u2013, vienen organizando el Programa de liderazgo de mujeres para la gesti\u00f3n del agua. Este proyecto se implementa a trav\u00e9s de un Acuerdo de Cooperaci\u00f3n con la misi\u00f3n de USAID en el Per\u00fa.<\/p>\n\n\n\n<p>El objetivo del programa es fortalecer capacidades y habilidades de las mujeres para el ejercicio de su liderazgo en la gesti\u00f3n de los recursos h\u00eddricos y la conservaci\u00f3n de la infraestructura natural.<\/p>\n\n\n\n<p>Est\u00e1 dirigido a mujeres autoridades de gobiernos locales y regionales; funcionarias de entidades p\u00fablicas vinculadas a la gesti\u00f3n de los recursos h\u00eddricos; y a j\u00f3venes acad\u00e9micas de especialidades vinculadas a la gesti\u00f3n de los recursos h\u00eddricos.<\/p>\n\n\n\n<p>El programa tiene una duraci\u00f3n de tres meses y se llevar\u00e1 a cabo en l\u00ednea. Tiene previsto la ejecuci\u00f3n de m\u00f3dulos tem\u00e1ticos que sientan las bases para la comprensi\u00f3n y el an\u00e1lisis cr\u00edtico de los temas relacionados a la gesti\u00f3n del agua y la perspectiva de g\u00e9nero. Adem\u00e1s de dos conferencias magistrales virtuales para ampliar el marco de la formaci\u00f3n de las participantes en estos temas, se desarrollar\u00e1n los siguientes m\u00f3dulos:<\/p>\n\n\n\n<ul class=\"wp-block-list\"><li>Gesti\u00f3n de cuencas hidrogr\u00e1ficas<\/li><li>Pol\u00edticas para la gesti\u00f3n del agua<\/li><li>Enfoque de g\u00e9nero en la gesti\u00f3n del agua<\/li><li>Pol\u00edticas para la igualdad de g\u00e9nero<\/li><li>Taller metodol\u00f3gico de incidencia pol\u00edtica<\/li><li>Taller vivencial de habilidades para el liderazgo<\/li><\/ul>\n\n\n\n<p>El equipo docente est\u00e1 conformado por profesionales de primer nivel, especialistas en gesti\u00f3n de recursos h\u00eddricos y manejo del enfoque de g\u00e9nero.<\/p>\n\n\n\n<p><strong>Fechas<\/strong>: <strong>Foro virtual de presentaci\u00f3n y apertura<\/strong>: <strong>25 &#8211; 31 M A YO<\/strong><\/p>\n\n\n\n<p><strong>M\u00f3dulo 1 y 2<\/strong>: <strong>1-14 JUNIO<\/strong><\/p>\n\n\n\n<p><strong><a rel=\"noreferrer noopener\" href=\"http:\/\/www.desco.org.pe\/recursos\/site\/files\/NOTICIA\/270\/BROCHURE_PROGRAMA_DE_LIDERAZGO_FINAL.pdf\" target=\"_blank\">Consulte ac\u00e1\u00a0 la informaci\u00f3n completa<\/a>\u00a0<\/strong><\/p>\n","protected":false},"excerpt":{"rendered":"<p>El objetivo del programa es fortalecer capacidades y habilidades de las mujeres para el ejercicio de su liderazgo en la gesti\u00f3n de los recursos h\u00eddricos y la conservaci\u00f3n de la infraestructura natural.<\/p>\n","protected":false},"author":10,"featured_media":7231,"comment_status":"closed","ping_status":"closed","sticky":false,"template":"","format":"standard","meta":{"_jetpack_memberships_contains_paid_content":false,"footnotes":"","jetpack_publicize_message":"Programa de liderazgo de mujeres para la gesti\u00f3n del #agua","jetpack_publicize_feature_enabled":true,"jetpack_social_post_already_shared":true,"jetpack_social_options":{"image_generator_settings":{"template":"highway","default_image_id":0,"font":"","enabled":false},"version":2}},"categories":[10],"tags":[92,97,114,627],"class_list":["post-7230","post","type-post","status-publish","format-standard","has-post-thumbnail","hentry","category-otros-cursos","tag-agua","tag-liderazgo","tag-mujeres","tag-usaid","item-wrap"],"jetpack_publicize_connections":[],"jetpack_featured_media_url":"https:\/\/i0.wp.com\/cebem.org\/wp-content\/uploads\/2020\/05\/Zrzut-ekranu-2020-05-22-o-12.12.13.png?fit=2004%2C1334&ssl=1","jetpack_sharing_enabled":true,"_links":{"self":[{"href":"https:\/\/cebem.org\/index.php?rest_route=\/wp\/v2\/posts\/7230","targetHints":{"allow":["GET"]}}],"collection":[{"href":"https:\/\/cebem.org\/index.php?rest_route=\/wp\/v2\/posts"}],"about":[{"href":"https:\/\/cebem.org\/index.php?rest_route=\/wp\/v2\/types\/post"}],"author":[{"embeddable":true,"href":"https:\/\/cebem.org\/index.php?rest_route=\/wp\/v2\/users\/10"}],"replies":[{"embeddable":true,"href":"https:\/\/cebem.org\/index.php?rest_route=%2Fwp%2Fv2%2Fcomments&post=7230"}],"version-history":[{"count":1,"href":"https:\/\/cebem.org\/index.php?rest_route=\/wp\/v2\/posts\/7230\/revisions"}],"predecessor-version":[{"id":7232,"href":"https:\/\/cebem.org\/index.php?rest_route=\/wp\/v2\/posts\/7230\/revisions\/7232"}],"wp:featuredmedia":[{"embeddable":true,"href":"https:\/\/cebem.org\/index.php?rest_route=\/wp\/v2\/media\/7231"}],"wp:attachment":[{"href":"https:\/\/cebem.org\/index.php?rest_route=%2Fwp%2Fv2%2Fmedia&parent=7230"}],"wp:term":[{"taxonomy":"category","embeddable":true,"href":"https:\/\/cebem.org\/index.php?rest_route=%2Fwp%2Fv2%2Fcategories&post=7230"},{"taxonomy":"post_tag","embeddable":true,"href":"https:\/\/cebem.org\/index.php?rest_route=%2Fwp%2Fv2%2Ftags&post=7230"}],"curies":[{"name":"wp","href":"https:\/\/api.w.org\/{rel}","templated":true}]}}