
{"id":7218,"date":"2020-05-21T18:00:00","date_gmt":"2020-05-21T22:00:00","guid":{"rendered":"https:\/\/cebem.org\/?p=7218"},"modified":"2020-05-21T12:44:16","modified_gmt":"2020-05-21T16:44:16","slug":"cepal-informe-especial-2-dimensionar-los-efectos-del-covid-19-para-pensar-en-la-reactivacion","status":"publish","type":"post","link":"https:\/\/cebem.org\/?p=7218","title":{"rendered":"CEPAL Informe especial 2: Dimensionar los efectos del COVID-19 para pensar en la reactivaci\u00f3n"},"content":{"rendered":"\n<figure class=\"wp-block-image size-large\"><img data-recalc-dims=\"1\" fetchpriority=\"high\" decoding=\"async\" width=\"750\" height=\"409\" src=\"https:\/\/i0.wp.com\/cebem.org\/wp-content\/uploads\/2020\/05\/Zrzut-ekranu-2020-05-21-o-12.36.41.png?resize=750%2C409&#038;ssl=1\" alt=\"\" class=\"wp-image-7219\" srcset=\"https:\/\/i0.wp.com\/cebem.org\/wp-content\/uploads\/2020\/05\/Zrzut-ekranu-2020-05-21-o-12.36.41.png?resize=1024%2C559&amp;ssl=1 1024w, https:\/\/i0.wp.com\/cebem.org\/wp-content\/uploads\/2020\/05\/Zrzut-ekranu-2020-05-21-o-12.36.41.png?resize=300%2C164&amp;ssl=1 300w, https:\/\/i0.wp.com\/cebem.org\/wp-content\/uploads\/2020\/05\/Zrzut-ekranu-2020-05-21-o-12.36.41.png?resize=768%2C419&amp;ssl=1 768w, https:\/\/i0.wp.com\/cebem.org\/wp-content\/uploads\/2020\/05\/Zrzut-ekranu-2020-05-21-o-12.36.41.png?resize=600%2C328&amp;ssl=1 600w, https:\/\/i0.wp.com\/cebem.org\/wp-content\/uploads\/2020\/05\/Zrzut-ekranu-2020-05-21-o-12.36.41.png?resize=1536%2C839&amp;ssl=1 1536w, https:\/\/i0.wp.com\/cebem.org\/wp-content\/uploads\/2020\/05\/Zrzut-ekranu-2020-05-21-o-12.36.41.png?w=1648&amp;ssl=1 1648w\" sizes=\"(max-width: 750px) 100vw, 750px\" \/><\/figure>\n\n\n\n<p>El objetivo de este segundo Informe Especial elaborado por la Comisi\u00f3n Econ\u00f3mica para Am\u00e9rica Latina y el Caribe (CEPAL) sobre la evoluci\u00f3n y los efectos de la pandemia del COVID-19 en Am\u00e9rica Latina y el Caribe es dimensionar sus efectos econ\u00f3micos en el corto y mediano plazo en la regi\u00f3n.<\/p>\n\n\n\n<p>Para el corto plazo, es decir en el curso de 2020, se presentan estimaciones de la din\u00e1mica de la producci\u00f3n y el empleo con base en la informaci\u00f3n disponible al 17 de abril de 2020, que abarca todas las subregiones de Am\u00e9rica Latina y el Caribe y muchas de sus econom\u00edas. Asimismo, se detallan las principales medidas de pol\u00edtica macroecon\u00f3micas para enfrentar los efectos de la pandemia anunciadas hasta esa fecha.<\/p>\n\n\n\n<p>Dimensionar la ca\u00edda de la actividad econ\u00f3mica permite comenzar a determinar la magnitud del esfuerzo para un regreso a la normalidad. Pero ese regreso no ser\u00e1 y no debe ser una vuelta a la situaci\u00f3n existente antes de la pandemia. La visi\u00f3n de mediano plazo con la que concluye este Informe ilustra los cambios estructurales en la organizaci\u00f3n de la actividad productiva que est\u00e1n en proceso y que se intensificar\u00e1n. Esto adem\u00e1s tendr\u00e1 impactos, en ocasiones irreversibles, en la estructura laboral, el empleo y el bienestar.<\/p>\n\n\n\n<p>De la conjunci\u00f3n de las estimaciones cuantitativas de corto plazo y las previsiones sobre los principales cambios cualitativos de mediano plazo surgir\u00e1 lo que ser\u00e1 una nueva normalidad.<\/p>\n\n\n\n<p><a rel=\"noreferrer noopener\" href=\"https:\/\/repositorio.cepal.org\/bitstream\/handle\/11362\/45445\/4\/S2000286_es.pdf\" target=\"_blank\">Descargar la publicaci\u00f3n AQU\u00cd<\/a><\/p>\n","protected":false},"excerpt":{"rendered":"<p>El objetivo de este segundo Informe Especial elaborado por la Comisi\u00f3n Econ\u00f3mica para Am\u00e9rica Latina y el Caribe (CEPAL) sobre la evoluci\u00f3n y los efectos de la pandemia del COVID-19 en Am\u00e9rica Latina y el Caribe es dimensionar sus efectos econ\u00f3micos en el corto y mediano plazo en la regi\u00f3n.<\/p>\n","protected":false},"author":10,"featured_media":7219,"comment_status":"closed","ping_status":"closed","sticky":false,"template":"","format":"standard","meta":{"_jetpack_memberships_contains_paid_content":false,"footnotes":"","jetpack_publicize_message":"CEPAL Informe especial 2: Dimensionar los efectos del #COVID-19 para pensar en la reactivaci\u00f3n","jetpack_publicize_feature_enabled":true,"jetpack_social_post_already_shared":true,"jetpack_social_options":{"image_generator_settings":{"template":"highway","default_image_id":0,"font":"","enabled":false},"version":2}},"categories":[7],"tags":[622,185,586],"class_list":["post-7218","post","type-post","status-publish","format-standard","has-post-thumbnail","hentry","category-otras-publicaciones","tag-boletin-5-mayo-2020","tag-cepal","tag-coronavirus","item-wrap"],"jetpack_publicize_connections":[],"jetpack_featured_media_url":"https:\/\/i0.wp.com\/cebem.org\/wp-content\/uploads\/2020\/05\/Zrzut-ekranu-2020-05-21-o-12.36.41.png?fit=1648%2C900&ssl=1","jetpack_sharing_enabled":true,"_links":{"self":[{"href":"https:\/\/cebem.org\/index.php?rest_route=\/wp\/v2\/posts\/7218","targetHints":{"allow":["GET"]}}],"collection":[{"href":"https:\/\/cebem.org\/index.php?rest_route=\/wp\/v2\/posts"}],"about":[{"href":"https:\/\/cebem.org\/index.php?rest_route=\/wp\/v2\/types\/post"}],"author":[{"embeddable":true,"href":"https:\/\/cebem.org\/index.php?rest_route=\/wp\/v2\/users\/10"}],"replies":[{"embeddable":true,"href":"https:\/\/cebem.org\/index.php?rest_route=%2Fwp%2Fv2%2Fcomments&post=7218"}],"version-history":[{"count":1,"href":"https:\/\/cebem.org\/index.php?rest_route=\/wp\/v2\/posts\/7218\/revisions"}],"predecessor-version":[{"id":7220,"href":"https:\/\/cebem.org\/index.php?rest_route=\/wp\/v2\/posts\/7218\/revisions\/7220"}],"wp:featuredmedia":[{"embeddable":true,"href":"https:\/\/cebem.org\/index.php?rest_route=\/wp\/v2\/media\/7219"}],"wp:attachment":[{"href":"https:\/\/cebem.org\/index.php?rest_route=%2Fwp%2Fv2%2Fmedia&parent=7218"}],"wp:term":[{"taxonomy":"category","embeddable":true,"href":"https:\/\/cebem.org\/index.php?rest_route=%2Fwp%2Fv2%2Fcategories&post=7218"},{"taxonomy":"post_tag","embeddable":true,"href":"https:\/\/cebem.org\/index.php?rest_route=%2Fwp%2Fv2%2Ftags&post=7218"}],"curies":[{"name":"wp","href":"https:\/\/api.w.org\/{rel}","templated":true}]}}