
{"id":7210,"date":"2020-05-21T12:08:57","date_gmt":"2020-05-21T16:08:57","guid":{"rendered":"https:\/\/cebem.org\/?p=7210"},"modified":"2020-05-21T12:08:59","modified_gmt":"2020-05-21T16:08:59","slug":"consulta-en-linea-como-las-politicas-y-estrategias-agricolas-pueden-ayudar-a-poner-fin-al-trabajo-infantil-en-la-agricultura","status":"publish","type":"post","link":"https:\/\/cebem.org\/?p=7210","title":{"rendered":"Consulta en l\u00ednea: C\u00f3mo las pol\u00edticas y estrategias agr\u00edcolas pueden ayudar a poner fin al trabajo infantil en la agricultura"},"content":{"rendered":"\n<figure class=\"wp-block-image size-large\"><img data-recalc-dims=\"1\" fetchpriority=\"high\" decoding=\"async\" width=\"750\" height=\"311\" src=\"https:\/\/i0.wp.com\/cebem.org\/wp-content\/uploads\/2020\/05\/Zrzut-ekranu-2020-05-21-o-11.59.25.png?resize=750%2C311&#038;ssl=1\" alt=\"\" class=\"wp-image-7211\" srcset=\"https:\/\/i0.wp.com\/cebem.org\/wp-content\/uploads\/2020\/05\/Zrzut-ekranu-2020-05-21-o-11.59.25.png?resize=1024%2C424&amp;ssl=1 1024w, https:\/\/i0.wp.com\/cebem.org\/wp-content\/uploads\/2020\/05\/Zrzut-ekranu-2020-05-21-o-11.59.25.png?resize=300%2C124&amp;ssl=1 300w, https:\/\/i0.wp.com\/cebem.org\/wp-content\/uploads\/2020\/05\/Zrzut-ekranu-2020-05-21-o-11.59.25.png?resize=768%2C318&amp;ssl=1 768w, https:\/\/i0.wp.com\/cebem.org\/wp-content\/uploads\/2020\/05\/Zrzut-ekranu-2020-05-21-o-11.59.25.png?resize=600%2C249&amp;ssl=1 600w, https:\/\/i0.wp.com\/cebem.org\/wp-content\/uploads\/2020\/05\/Zrzut-ekranu-2020-05-21-o-11.59.25.png?resize=1536%2C637&amp;ssl=1 1536w, https:\/\/i0.wp.com\/cebem.org\/wp-content\/uploads\/2020\/05\/Zrzut-ekranu-2020-05-21-o-11.59.25.png?w=1930&amp;ssl=1 1930w\" sizes=\"(max-width: 750px) 100vw, 750px\" \/><\/figure>\n\n\n\n<p>La FAO ha lazando una consulta electr\u00f3nica abierta para analizar y documentar c\u00f3mo las pol\u00edticas y estrategias agr\u00edcolas pueden combatir el trabajo infantil en la agricultura, incluido el papel de las partes implicadas en el sector.\u00a0<\/p>\n\n\n\n<p>En julio de 2019, la Asamblea General de las Naciones Unidas declar\u00f3 2021 como el A\u00f1o Internacional para la Erradicaci\u00f3n del Trabajo Infantil. Hoy en d\u00eda un 71 por ciento del trabajo infantil en el mundo se desarrolla en el sector agr\u00edcola. Si no se pone remedio a este problema, tender\u00e1 a perpetuar el ciclo de pobreza de los ni\u00f1os afectados, sus familias y comunidades, convirti\u00e9ndoles -probablemente- en la poblaci\u00f3n rural pobre del futuro. Por este motivo, las partes interesadas en la agricultura tienen un papel genuino y esencial que desempe\u00f1ar. Si bien las soluciones fundamentales para poner fin al trabajo infantil se encuentran en el sector agr\u00edcola, hasta la fecha una inmensa mayor\u00eda de \u00e9stas no se han documentado o se han pasado por alto.\u00a0<\/p>\n\n\n\n<p>Para celebrar el A\u00f1o Internacional en 2021 y contribuir a los avances en el cumplimiento de la meta 8.7 de los Objetivos de Desarrollo Sostenible, la consulta en l\u00ednea tiene como finalidad recopilar las experiencias y estudios de caso de una amplia variedad de participantes de todo el mundo. Le invitamos a compartir sus reflexiones sobre la eficacia de pol\u00edticas y estrategias relacionadas con la eliminaci\u00f3n del trabajo infantil en zonas rurales. Sus comentarios y contribuciones ser\u00e1n fundamentales para identificar y documentar buenas -y prometedoras- pr\u00e1cticas que podr\u00edan impulsar investigaciones adicionales -basadas en datos- y ser reproducidas en otros entornos. Los resultados de la consulta tendr\u00e1n amplia difusi\u00f3n en el A\u00f1o Internacional y se incorporar\u00e1n al trabajo de la Alianza internacional de cooperaci\u00f3n sobre el trabajo infantil en la agricultura (AITIA) y la Alianza 8.7.\u00a0<\/p>\n\n\n\n<p>La discusi\u00f3n tendr\u00e1 lugar del <strong>27 de abril al 25 de mayo de 2020 <\/strong>y estar\u00e1 disponible en el Foro Global sobre Seguridad Alimentaria y Nutrici\u00f3n de la FAO. Las contribuciones pueden redactarse en cualquiera de los idiomas oficiales de la ONU: \u00e1rabe, chino, espa\u00f1ol, franc\u00e9s, ingl\u00e9s y ruso.&nbsp;<\/p>\n\n\n\n<p>Le invitamos a registrarse en el Foro FSN a trav\u00e9s de este enlace o acceda al enlace directo a la discusi\u00f3n aqu\u00ed.&nbsp;<\/p>\n\n\n\n<p>Mientras tanto, cont\u00e1ctenos por email (fsn-moderator@fao.org) para solicitar cualquier informaci\u00f3n adicional y no dude en compartir esta iniciativa con su red de contactos profesionales.\u00a0<\/p>\n\n\n\n<p><strong><a href=\"http:\/\/www.fao.org\/fsnforum\/es\/activities\/discussions\/addressing-child-labour-agriculture\" target=\"_blank\" rel=\"noreferrer noopener\">M\u00e1s informaci\u00f3n aqu\u00ed<\/a><\/strong><\/p>\n","protected":false},"excerpt":{"rendered":"<p>La FAO ha lazando una consulta electr\u00f3nica abierta para analizar y documentar c\u00f3mo las pol\u00edticas y estrategias agr\u00edcolas pueden combatir el trabajo infantil en la agricultura, incluido el papel de las partes implicadas en el sector. <\/p>\n","protected":false},"author":10,"featured_media":7211,"comment_status":"closed","ping_status":"closed","sticky":false,"template":"","format":"standard","meta":{"_jetpack_memberships_contains_paid_content":false,"footnotes":"","jetpack_publicize_message":"Consulta en l\u00ednea hasta 25 de mayo: C\u00f3mo las pol\u00edticas y estrategias agr\u00edcolas pueden ayudar a poner fin al trabajo infantil en la #agricultura","jetpack_publicize_feature_enabled":true,"jetpack_social_post_already_shared":true,"jetpack_social_options":{"image_generator_settings":{"template":"highway","default_image_id":0,"font":"","enabled":false},"version":2}},"categories":[1],"tags":[107,626,79],"class_list":["post-7210","post","type-post","status-publish","format-standard","has-post-thumbnail","hentry","category-noticias","tag-agricultura","tag-consulta","tag-trabajo","item-wrap"],"jetpack_publicize_connections":[],"jetpack_featured_media_url":"https:\/\/i0.wp.com\/cebem.org\/wp-content\/uploads\/2020\/05\/Zrzut-ekranu-2020-05-21-o-11.59.25.png?fit=1930%2C800&ssl=1","jetpack_sharing_enabled":true,"_links":{"self":[{"href":"https:\/\/cebem.org\/index.php?rest_route=\/wp\/v2\/posts\/7210","targetHints":{"allow":["GET"]}}],"collection":[{"href":"https:\/\/cebem.org\/index.php?rest_route=\/wp\/v2\/posts"}],"about":[{"href":"https:\/\/cebem.org\/index.php?rest_route=\/wp\/v2\/types\/post"}],"author":[{"embeddable":true,"href":"https:\/\/cebem.org\/index.php?rest_route=\/wp\/v2\/users\/10"}],"replies":[{"embeddable":true,"href":"https:\/\/cebem.org\/index.php?rest_route=%2Fwp%2Fv2%2Fcomments&post=7210"}],"version-history":[{"count":1,"href":"https:\/\/cebem.org\/index.php?rest_route=\/wp\/v2\/posts\/7210\/revisions"}],"predecessor-version":[{"id":7212,"href":"https:\/\/cebem.org\/index.php?rest_route=\/wp\/v2\/posts\/7210\/revisions\/7212"}],"wp:featuredmedia":[{"embeddable":true,"href":"https:\/\/cebem.org\/index.php?rest_route=\/wp\/v2\/media\/7211"}],"wp:attachment":[{"href":"https:\/\/cebem.org\/index.php?rest_route=%2Fwp%2Fv2%2Fmedia&parent=7210"}],"wp:term":[{"taxonomy":"category","embeddable":true,"href":"https:\/\/cebem.org\/index.php?rest_route=%2Fwp%2Fv2%2Fcategories&post=7210"},{"taxonomy":"post_tag","embeddable":true,"href":"https:\/\/cebem.org\/index.php?rest_route=%2Fwp%2Fv2%2Ftags&post=7210"}],"curies":[{"name":"wp","href":"https:\/\/api.w.org\/{rel}","templated":true}]}}