
{"id":7202,"date":"2020-05-19T11:02:34","date_gmt":"2020-05-19T15:02:34","guid":{"rendered":"https:\/\/cebem.org\/?p=7202"},"modified":"2020-05-19T11:02:35","modified_gmt":"2020-05-19T15:02:35","slug":"presentacion-de-articulos-para-su-publicacion-en-tlalli-geografias-de-las-violencias-territorialidades-espacialidades","status":"publish","type":"post","link":"https:\/\/cebem.org\/?p=7202","title":{"rendered":"Presentaci\u00f3n de art\u00edculos para su publicaci\u00f3n en Tlalli: Geograf\u00edas de las violencias, territorialidades \/ espacialidades"},"content":{"rendered":"\n<div class=\"wp-block-image\"><figure class=\"aligncenter size-large is-resized\"><img data-recalc-dims=\"1\" fetchpriority=\"high\" decoding=\"async\" src=\"https:\/\/i0.wp.com\/cebem.org\/wp-content\/uploads\/2020\/05\/Zrzut-ekranu-2020-05-19-o-10.54.11.png?resize=638%2C196&#038;ssl=1\" alt=\"\" class=\"wp-image-7203\" width=\"638\" height=\"196\" srcset=\"https:\/\/i0.wp.com\/cebem.org\/wp-content\/uploads\/2020\/05\/Zrzut-ekranu-2020-05-19-o-10.54.11.png?resize=1024%2C316&amp;ssl=1 1024w, https:\/\/i0.wp.com\/cebem.org\/wp-content\/uploads\/2020\/05\/Zrzut-ekranu-2020-05-19-o-10.54.11.png?resize=300%2C92&amp;ssl=1 300w, https:\/\/i0.wp.com\/cebem.org\/wp-content\/uploads\/2020\/05\/Zrzut-ekranu-2020-05-19-o-10.54.11.png?resize=768%2C237&amp;ssl=1 768w, https:\/\/i0.wp.com\/cebem.org\/wp-content\/uploads\/2020\/05\/Zrzut-ekranu-2020-05-19-o-10.54.11.png?resize=600%2C185&amp;ssl=1 600w, https:\/\/i0.wp.com\/cebem.org\/wp-content\/uploads\/2020\/05\/Zrzut-ekranu-2020-05-19-o-10.54.11.png?w=1142&amp;ssl=1 1142w\" sizes=\"(max-width: 638px) 100vw, 638px\" \/><\/figure><\/div>\n\n\n\n<p>Durante las \u00faltimas d\u00e9cadas los estudios geogr\u00e1ficos se han acercado a una variedad de temas y problem\u00e1ticas que ampl\u00edan su abanico de reflexi\u00f3n y debates te\u00f3ricos y metodol\u00f3gicos, conformando agendas de investigaci\u00f3n cada vez m\u00e1s din\u00e1micas, complejas y diversas, intensificando el di\u00e1logo al interior de la geograf\u00eda y con otras disciplinas, as\u00ed como con movimientos sociales, organizaciones pol\u00edticas e instituciones gubernamentales. Dentro de los temas que han ganado protagonismo en los programas de investigaci\u00f3n geogr\u00e1ficos est\u00e1n las violencias en sus m\u00faltiples dimensiones. Existe una gran variedad de enfoques epistemol\u00f3gicos para explicar y comprender las formas de interacci\u00f3n entre las condiciones, medios y expresiones de las violencias con el territorio, as\u00ed como las formas en que las violencias se imbrican en los momentos de la producci\u00f3n del espacio.<\/p>\n\n\n\n<p><em>Tlalli. Revista de Investigaci\u00f3n en Geograf\u00eda<\/em>\u00a0propone dedicar el Dossier del n\u00famero 4 a las investigaciones originales sobre violencia y territorio en sus sentidos m\u00e1s amplios y diversos, que provengan desde diferentes propuestas te\u00f3ricas y metodol\u00f3gicas y que permitan visibilizar la calidad, dinamismo y gran cobertura existente sobre estos temas en la geograf\u00eda contempor\u00e1nea, buscando abrir di\u00e1logos y debates disciplinarios e interdisciplinarios que tengan repercusiones en el \u00e1mbito acad\u00e9mico, social y pol\u00edtico. Se buscan colaboraciones que expongan resultados de investigaciones sobre violencia y territorio en aspectos te\u00f3ricos, metodol\u00f3gicos, hist\u00f3ricos, tem\u00e1ticos e incluso estudios espec\u00edficos.<\/p>\n\n\n\n<p><strong>Ejes de discusi\u00f3n sugeridos para la presentaci\u00f3n de art\u00edculos en la Secci\u00f3n Tem\u00e1tica (Dossier)<\/strong><\/p>\n\n\n\n<p>Los ejes de discusi\u00f3n buscan ofrecer una orientaci\u00f3n y referencia para las y los autores; no son limitativos ni se agotan las opciones en estos rubros:<\/p>\n\n\n\n<ol class=\"wp-block-list\"><li>Reflexiones te\u00f3ricas y metodol\u00f3gicas sobre las violencias, discusi\u00f3n de la conceptualizaci\u00f3n y su impacto en las aproximaciones a problem\u00e1ticas espec\u00edficas<\/li><li>Violencias sist\u00e9micas, subjetivas (o directas) y simb\u00f3licas, su relaci\u00f3n con la producci\u00f3n de las espacialidades y considerando el papel que juegan las diferentes dimensiones de la violencia en el desarrollo geogr\u00e1fico desigual. Pueden incluirse aspectos de miedo, seguridad, delincuencia, criminalidad, terrorismo, violencia pol\u00edtica y estatal, y las diversas maneras de articulaci\u00f3n con el territorio como herramienta de dominaci\u00f3n y control.<\/li><li>Violencias de g\u00e9nero en su dimensi\u00f3n espacial y caracterizaci\u00f3n del lugar, desde aproximaciones te\u00f3ricas, cuantitativas y cualitativas, de manera general o en casos espec\u00edficos. Se buscan propuestas que abonen en el conocimiento del uso y apropiaci\u00f3n del territorio como expresi\u00f3n de las diferencias, como instrumento a partir del cual se jerarquizan, organizan, realizan y asumen las desigualdades de g\u00e9nero \u2014es decir, la manera en que las jerarqu\u00edas y formas de dominaci\u00f3n violenta de g\u00e9neros se concretan, aprenden y reproducen en el territorio\u2014.<\/li><li>Condiciones, mecanismos y expresiones espaciales de la violencia en \u00e1mbitos espec\u00edficos, como la urbana, fronteriza, rural, entre otras.<\/li><\/ol>\n\n\n\n<p><strong>EXTENSI\u00d3N<\/strong>: Tanto los art\u00edculos de tem\u00e1tica libre como los del\u00a0<em>dossier<\/em>\u00a0deben tener un m\u00e1ximo de 9,000 y un m\u00ednimo de 7,000 palabras, incluyendo resumen (entre 300 y 350 palabras), palabras clave (3 a 6), con un m\u00e1ximo de 28 cuartillas incluyendo im\u00e1genes, cartograf\u00eda, tablas y referencias.<\/p>\n\n\n\n<p><strong>RECEPCI\u00d3N DE DOCUMENTOS: <\/strong>Los trabajos se apegar\u00e1n totalmente a las\u00a0<a rel=\"noreferrer noopener\" href=\"http:\/\/www.revistas.filos.unam.mx\/index.php\/tlalli\/directrices\" target=\"_blank\">Directrices\u00a0<\/a>y\u00a0<a rel=\"noreferrer noopener\" href=\"http:\/\/www.revistas.filos.unam.mx\/index.php\/tlalli\/lineamientoseditoriales\" target=\"_blank\">Lineamientos\u00a0<\/a>establecidos por la revista (de otro modo no se recibir\u00e1n), y los env\u00edos deber\u00e1n incluir la Carta de Autorizaci\u00f3n que se especifica en las normas generales de publicaci\u00f3n debidamente firmada. El periodo de recepci\u00f3n de manuscritos es del 1 de abril al <strong>31 de julio de 2020<\/strong> a trav\u00e9s del gestor editorial de la plataforma OJS de la revista.\u00a0<\/p>\n\n\n\n<p><strong><a href=\"http:\/\/www.revistas.filos.unam.mx\/index.php\/tlalli\/announcement\/view\/7\" target=\"_blank\" rel=\"noreferrer noopener\">Para m\u00e1s informaci\u00f3n haga clic aqu\u00ed<\/a><\/strong><\/p>\n","protected":false},"excerpt":{"rendered":"<p>Tlalli. Revista de Investigaci\u00f3n en Geograf\u00eda propone dedicar el Dossier del n\u00famero 4 a las investigaciones originales sobre violencia y territorio en sus sentidos m\u00e1s amplios y diversos.<\/p>\n","protected":false},"author":10,"featured_media":7203,"comment_status":"closed","ping_status":"closed","sticky":false,"template":"","format":"standard","meta":{"_jetpack_memberships_contains_paid_content":false,"footnotes":"","jetpack_publicize_message":"Presentaci\u00f3n de art\u00edculos para su publicaci\u00f3n en #Tlalli: Geograf\u00edas de las violencias, #territorialidades \/ espacialidades. Fecha l\u00edmite: 31 de julio de 2020 ","jetpack_publicize_feature_enabled":true,"jetpack_social_post_already_shared":true,"jetpack_social_options":{"image_generator_settings":{"template":"highway","default_image_id":0,"font":"","enabled":false},"version":2}},"categories":[8],"tags":[622,425,233,625,75],"class_list":["post-7202","post","type-post","status-publish","format-standard","has-post-thumbnail","hentry","category-convocatorias","tag-boletin-5-mayo-2020","tag-geografia-contemporanea","tag-investigacion","tag-tlalli","tag-violencia","item-wrap"],"jetpack_publicize_connections":[],"jetpack_featured_media_url":"https:\/\/i0.wp.com\/cebem.org\/wp-content\/uploads\/2020\/05\/Zrzut-ekranu-2020-05-19-o-10.54.11.png?fit=1142%2C352&ssl=1","jetpack_sharing_enabled":true,"_links":{"self":[{"href":"https:\/\/cebem.org\/index.php?rest_route=\/wp\/v2\/posts\/7202","targetHints":{"allow":["GET"]}}],"collection":[{"href":"https:\/\/cebem.org\/index.php?rest_route=\/wp\/v2\/posts"}],"about":[{"href":"https:\/\/cebem.org\/index.php?rest_route=\/wp\/v2\/types\/post"}],"author":[{"embeddable":true,"href":"https:\/\/cebem.org\/index.php?rest_route=\/wp\/v2\/users\/10"}],"replies":[{"embeddable":true,"href":"https:\/\/cebem.org\/index.php?rest_route=%2Fwp%2Fv2%2Fcomments&post=7202"}],"version-history":[{"count":1,"href":"https:\/\/cebem.org\/index.php?rest_route=\/wp\/v2\/posts\/7202\/revisions"}],"predecessor-version":[{"id":7204,"href":"https:\/\/cebem.org\/index.php?rest_route=\/wp\/v2\/posts\/7202\/revisions\/7204"}],"wp:featuredmedia":[{"embeddable":true,"href":"https:\/\/cebem.org\/index.php?rest_route=\/wp\/v2\/media\/7203"}],"wp:attachment":[{"href":"https:\/\/cebem.org\/index.php?rest_route=%2Fwp%2Fv2%2Fmedia&parent=7202"}],"wp:term":[{"taxonomy":"category","embeddable":true,"href":"https:\/\/cebem.org\/index.php?rest_route=%2Fwp%2Fv2%2Fcategories&post=7202"},{"taxonomy":"post_tag","embeddable":true,"href":"https:\/\/cebem.org\/index.php?rest_route=%2Fwp%2Fv2%2Ftags&post=7202"}],"curies":[{"name":"wp","href":"https:\/\/api.w.org\/{rel}","templated":true}]}}