
{"id":7181,"date":"2020-05-15T12:52:40","date_gmt":"2020-05-15T16:52:40","guid":{"rendered":"https:\/\/cebem.org\/?p=7181"},"modified":"2020-05-15T12:53:11","modified_gmt":"2020-05-15T16:53:11","slug":"convocatoria-abierta-miradas-latinoamericanas-un-estado-del-debate","status":"publish","type":"post","link":"https:\/\/cebem.org\/?p=7181","title":{"rendered":"Convocatoria abierta &#8211; Miradas Latinoamericanas. Un estado del debate"},"content":{"rendered":"\n<div class=\"wp-block-image\"><figure class=\"aligncenter size-large is-resized\"><img data-recalc-dims=\"1\" fetchpriority=\"high\" decoding=\"async\" src=\"https:\/\/i0.wp.com\/cebem.org\/wp-content\/uploads\/2020\/05\/Zrzut-ekranu-2020-05-15-o-12.46.40.png?resize=595%2C574&#038;ssl=1\" alt=\"\" class=\"wp-image-7182\" width=\"595\" height=\"574\" srcset=\"https:\/\/i0.wp.com\/cebem.org\/wp-content\/uploads\/2020\/05\/Zrzut-ekranu-2020-05-15-o-12.46.40.png?resize=1024%2C989&amp;ssl=1 1024w, https:\/\/i0.wp.com\/cebem.org\/wp-content\/uploads\/2020\/05\/Zrzut-ekranu-2020-05-15-o-12.46.40.png?resize=300%2C290&amp;ssl=1 300w, https:\/\/i0.wp.com\/cebem.org\/wp-content\/uploads\/2020\/05\/Zrzut-ekranu-2020-05-15-o-12.46.40.png?resize=768%2C741&amp;ssl=1 768w, https:\/\/i0.wp.com\/cebem.org\/wp-content\/uploads\/2020\/05\/Zrzut-ekranu-2020-05-15-o-12.46.40.png?resize=600%2C579&amp;ssl=1 600w, https:\/\/i0.wp.com\/cebem.org\/wp-content\/uploads\/2020\/05\/Zrzut-ekranu-2020-05-15-o-12.46.40.png?w=1154&amp;ssl=1 1154w\" sizes=\"(max-width: 595px) 100vw, 595px\" \/><\/figure><\/div>\n\n\n\n<p class=\"has-text-align-center\"><strong>Fecha l\u00edmite para env\u00edo de propuestas:<br>30 de junio de 2020<\/strong><\/p>\n\n\n\n<p><strong>CLACSO y Siglo XXI Editores M\u00e9xico<\/strong>&nbsp;lanzan en conjunto la colecci\u00f3n&nbsp;<strong>Miradas Latinoamericanas. Un estado del debate<\/strong>.&nbsp;&nbsp;<\/p>\n\n\n\n<p>Desde su fundaci\u00f3n,&nbsp;<strong>CLACSO<\/strong>&nbsp;ha contribuido de manera permanente con el desarrollo de las Ciencias Sociales y las Humanidades en Latinoam\u00e9rica y el Caribe. A trav\u00e9s de la organizaci\u00f3n de grupos y redes acad\u00e9micas \u00e1giles y potentes, el Consejo facilit\u00f3 la circulaci\u00f3n de conocimientos, priorizando las producciones realizadas desde la regi\u00f3n en m\u00faltiples campos del conocimiento.&nbsp;<\/p>\n\n\n\n<p><strong>Siglo XXI Editores<\/strong>&nbsp;es una de las m\u00e1s prestigiosas casas editoriales del continente, cimentada en un rico y vasto cat\u00e1logo con un especial \u00e9nfasis en las producciones en Ciencias Sociales y Humanidades. Sus libros no solo fueron portadores de novedades; tambi\u00e9n han sido un espejo donde poder mirarnos y pensarnos como regi\u00f3n.<\/p>\n\n\n\n<p><strong>Consultas<\/strong>:&nbsp;miradaslatinoamericanas@clacso.edu.ar<\/p>\n\n\n\n<p><strong><a href=\"https:\/\/www.clacso.org\/coleccion-miradas-latinoamericanas-un-estado-del-debate\/\" target=\"_blank\" rel=\"noreferrer noopener\">M\u00e1s informaci\u00f3n AQU\u00cd<\/a><\/strong><\/p>\n","protected":false},"excerpt":{"rendered":"<p>CLACSO y Siglo XXI Editores M\u00e9xico lanzan en conjunto la colecci\u00f3n Miradas Latinoamericanas. Un estado del debate.  <\/p>\n","protected":false},"author":10,"featured_media":7183,"comment_status":"closed","ping_status":"closed","sticky":false,"template":"","format":"standard","meta":{"_jetpack_memberships_contains_paid_content":false,"footnotes":"","jetpack_publicize_message":"Convocatoria abierta - Miradas Latinoamericanas. Un estado del debate #CLACSO","jetpack_publicize_feature_enabled":true,"jetpack_social_post_already_shared":true,"jetpack_social_options":{"image_generator_settings":{"template":"highway","default_image_id":0,"font":"","enabled":false},"version":2}},"categories":[8],"tags":[622,217,85,229],"class_list":["post-7181","post","type-post","status-publish","format-standard","has-post-thumbnail","hentry","category-convocatorias","tag-boletin-5-mayo-2020","tag-clacso","tag-convocatoria","tag-latinoamerica","item-wrap"],"jetpack_publicize_connections":[],"jetpack_featured_media_url":"https:\/\/i0.wp.com\/cebem.org\/wp-content\/uploads\/2020\/05\/Zrzut-ekranu-2020-05-15-o-12.46.49.png?fit=1162%2C752&ssl=1","jetpack_sharing_enabled":true,"_links":{"self":[{"href":"https:\/\/cebem.org\/index.php?rest_route=\/wp\/v2\/posts\/7181","targetHints":{"allow":["GET"]}}],"collection":[{"href":"https:\/\/cebem.org\/index.php?rest_route=\/wp\/v2\/posts"}],"about":[{"href":"https:\/\/cebem.org\/index.php?rest_route=\/wp\/v2\/types\/post"}],"author":[{"embeddable":true,"href":"https:\/\/cebem.org\/index.php?rest_route=\/wp\/v2\/users\/10"}],"replies":[{"embeddable":true,"href":"https:\/\/cebem.org\/index.php?rest_route=%2Fwp%2Fv2%2Fcomments&post=7181"}],"version-history":[{"count":2,"href":"https:\/\/cebem.org\/index.php?rest_route=\/wp\/v2\/posts\/7181\/revisions"}],"predecessor-version":[{"id":7185,"href":"https:\/\/cebem.org\/index.php?rest_route=\/wp\/v2\/posts\/7181\/revisions\/7185"}],"wp:featuredmedia":[{"embeddable":true,"href":"https:\/\/cebem.org\/index.php?rest_route=\/wp\/v2\/media\/7183"}],"wp:attachment":[{"href":"https:\/\/cebem.org\/index.php?rest_route=%2Fwp%2Fv2%2Fmedia&parent=7181"}],"wp:term":[{"taxonomy":"category","embeddable":true,"href":"https:\/\/cebem.org\/index.php?rest_route=%2Fwp%2Fv2%2Fcategories&post=7181"},{"taxonomy":"post_tag","embeddable":true,"href":"https:\/\/cebem.org\/index.php?rest_route=%2Fwp%2Fv2%2Ftags&post=7181"}],"curies":[{"name":"wp","href":"https:\/\/api.w.org\/{rel}","templated":true}]}}