
{"id":7104,"date":"2020-05-04T13:44:01","date_gmt":"2020-05-04T17:44:01","guid":{"rendered":"https:\/\/cebem.org\/?p=7104"},"modified":"2020-05-04T13:44:03","modified_gmt":"2020-05-04T17:44:03","slug":"boletin-reforme-no-753","status":"publish","type":"post","link":"https:\/\/cebem.org\/?p=7104","title":{"rendered":"Bolet\u00edn Reforme No. 753"},"content":{"rendered":"\n<div class=\"wp-block-image\"><figure class=\"aligncenter size-large is-resized\"><img data-recalc-dims=\"1\" fetchpriority=\"high\" decoding=\"async\" src=\"https:\/\/i0.wp.com\/cebem.org\/wp-content\/uploads\/2020\/02\/CLAD-1.jpg?resize=607%2C132&#038;ssl=1\" alt=\"El Centro Latinoamericano de Administraci\u00f3n para el Desarrollo, CLAD, publica en su sitio web el bolet\u00edn no. 750.\" class=\"wp-image-6732\" width=\"607\" height=\"132\" srcset=\"https:\/\/i0.wp.com\/cebem.org\/wp-content\/uploads\/2020\/02\/CLAD-1.jpg?w=600&amp;ssl=1 600w, https:\/\/i0.wp.com\/cebem.org\/wp-content\/uploads\/2020\/02\/CLAD-1.jpg?resize=300%2C66&amp;ssl=1 300w\" sizes=\"(max-width: 607px) 100vw, 607px\" \/><\/figure><\/div>\n\n\n\n<p>El Centro Latinoamericano de Administraci\u00f3n para el Desarrollo, <a rel=\"noreferrer noopener\" href=\"https:\/\/www.clad.org\/acerca-de\/clad\" target=\"_blank\">CLAD<\/a>, publica en su sitio web el bolet\u00edn no. 753.<\/p>\n\n\n\n<p>El CLAD es un organismo p\u00fablico internacional, de car\u00e1cter intergubernamental que se constituy\u00f3 en el a\u00f1o 1972 bajo la iniciativa de los gobiernos de M\u00e9xico, Per\u00fa y Venezuela con la misi\u00f3n de promover el <strong>an\u00e1lisis y el intercambio de experiencias y conocimientos en torno a la reforma del Estado y la modernizaci\u00f3n de la Administraci\u00f3n P\u00fablica.<\/strong><\/p>\n\n\n\n<p><strong>Clic <a href=\"https:\/\/us8.campaign-archive.com\/?u=47a37def72cba6a120d74a3a3&amp;id=835bc4ef01\" target=\"_blank\" rel=\"noreferrer noopener\">aqu\u00ed<\/a> para leer el bolet\u00edn<\/strong><\/p>\n\n\n\n<p><\/p>\n","protected":false},"excerpt":{"rendered":"<p>El Centro Latinoamericano de Administraci\u00f3n para el Desarrollo, CLAD, publica en su sitio web el bolet\u00edn no. 753.<\/p>\n","protected":false},"author":10,"featured_media":7105,"comment_status":"closed","ping_status":"closed","sticky":false,"template":"","format":"standard","meta":{"_jetpack_memberships_contains_paid_content":false,"footnotes":"","jetpack_publicize_message":"Consulta el Bolet\u00edn Reforme No. 753 #CLAD","jetpack_publicize_feature_enabled":true,"jetpack_social_post_already_shared":true,"jetpack_social_options":{"image_generator_settings":{"template":"highway","default_image_id":0,"font":"","enabled":false},"version":2}},"categories":[5],"tags":[599,243,542],"class_list":["post-7104","post","type-post","status-publish","format-standard","has-post-thumbnail","hentry","category-boletin","tag-boletin-4-abril-2020","tag-clad","tag-reforme","item-wrap"],"jetpack_publicize_connections":[],"jetpack_featured_media_url":"https:\/\/i0.wp.com\/cebem.org\/wp-content\/uploads\/2020\/05\/CLAD-1.jpg?fit=600%2C131&ssl=1","jetpack_sharing_enabled":true,"_links":{"self":[{"href":"https:\/\/cebem.org\/index.php?rest_route=\/wp\/v2\/posts\/7104","targetHints":{"allow":["GET"]}}],"collection":[{"href":"https:\/\/cebem.org\/index.php?rest_route=\/wp\/v2\/posts"}],"about":[{"href":"https:\/\/cebem.org\/index.php?rest_route=\/wp\/v2\/types\/post"}],"author":[{"embeddable":true,"href":"https:\/\/cebem.org\/index.php?rest_route=\/wp\/v2\/users\/10"}],"replies":[{"embeddable":true,"href":"https:\/\/cebem.org\/index.php?rest_route=%2Fwp%2Fv2%2Fcomments&post=7104"}],"version-history":[{"count":1,"href":"https:\/\/cebem.org\/index.php?rest_route=\/wp\/v2\/posts\/7104\/revisions"}],"predecessor-version":[{"id":7106,"href":"https:\/\/cebem.org\/index.php?rest_route=\/wp\/v2\/posts\/7104\/revisions\/7106"}],"wp:featuredmedia":[{"embeddable":true,"href":"https:\/\/cebem.org\/index.php?rest_route=\/wp\/v2\/media\/7105"}],"wp:attachment":[{"href":"https:\/\/cebem.org\/index.php?rest_route=%2Fwp%2Fv2%2Fmedia&parent=7104"}],"wp:term":[{"taxonomy":"category","embeddable":true,"href":"https:\/\/cebem.org\/index.php?rest_route=%2Fwp%2Fv2%2Fcategories&post=7104"},{"taxonomy":"post_tag","embeddable":true,"href":"https:\/\/cebem.org\/index.php?rest_route=%2Fwp%2Fv2%2Ftags&post=7104"}],"curies":[{"name":"wp","href":"https:\/\/api.w.org\/{rel}","templated":true}]}}