
{"id":7034,"date":"2020-04-15T11:46:15","date_gmt":"2020-04-15T15:46:15","guid":{"rendered":"https:\/\/cebem.org\/?p=7034"},"modified":"2020-04-15T11:46:17","modified_gmt":"2020-04-15T15:46:17","slug":"resena-primer-foro-global-ciudades-y-coronavirus-una-ecuacion-compleja","status":"publish","type":"post","link":"https:\/\/cebem.org\/?p=7034","title":{"rendered":"Rese\u00f1a: Primer Foro Global \u00abCiudades y coronavirus: una ecuaci\u00f3n compleja\u00bb"},"content":{"rendered":"\n<div class=\"wp-block-image\"><figure class=\"aligncenter size-large\"><img data-recalc-dims=\"1\" fetchpriority=\"high\" decoding=\"async\" width=\"750\" height=\"383\" src=\"https:\/\/i0.wp.com\/cebem.org\/wp-content\/uploads\/2020\/04\/Zrzut-ekranu-2020-04-15-o-11.21.39-1.png?resize=750%2C383&#038;ssl=1\" alt=\"\" class=\"wp-image-7036\" srcset=\"https:\/\/i0.wp.com\/cebem.org\/wp-content\/uploads\/2020\/04\/Zrzut-ekranu-2020-04-15-o-11.21.39-1.png?resize=1024%2C523&amp;ssl=1 1024w, https:\/\/i0.wp.com\/cebem.org\/wp-content\/uploads\/2020\/04\/Zrzut-ekranu-2020-04-15-o-11.21.39-1.png?resize=300%2C153&amp;ssl=1 300w, https:\/\/i0.wp.com\/cebem.org\/wp-content\/uploads\/2020\/04\/Zrzut-ekranu-2020-04-15-o-11.21.39-1.png?resize=768%2C392&amp;ssl=1 768w, https:\/\/i0.wp.com\/cebem.org\/wp-content\/uploads\/2020\/04\/Zrzut-ekranu-2020-04-15-o-11.21.39-1.png?resize=600%2C307&amp;ssl=1 600w, https:\/\/i0.wp.com\/cebem.org\/wp-content\/uploads\/2020\/04\/Zrzut-ekranu-2020-04-15-o-11.21.39-1.png?w=1288&amp;ssl=1 1288w\" sizes=\"(max-width: 750px) 100vw, 750px\" \/><\/figure><\/div>\n\n\n\n<p>Por primera ocasi\u00f3n Quito acogi\u00f3 la celebraci\u00f3n del Primer foro global \u2018Ciudades y coronavirus: una ecuaci\u00f3n compleja\u2019, que se llev\u00f3 a cabo el jueves 26 de marzo de 2020, a las 10.00 (GMT-5), por medio de la Plataforma Blackboard Collaborate de la Facultad Latinoamericana de Ciencias Sociales sede Ecuador (FLACSO ECUADOR) y de las cuentas Facebook (FB) y Twitter (TW) \u2018redcivitic\u2019 de la Red Universitaria de Estudios Urbanos de Ecuador (CIVITIC).<\/p>\n\n\n\n<p>Este evento mundial reuni\u00f3 virtualmente a 2 600 asistentes procedentes de cinco continentes: 833 en el Aula Virtual de FLACSO ECUADOR1, 894 en el FB redcivitic y 873 \u2018interacciones\u2019 en el TW redcivitic. Dos horas despu\u00e9s del cierre del Primer foro, la grabaci\u00f3n empez\u00f3 a distribuirse masivamente, a cerca de 15 000 cuentas electr\u00f3nicas, y lleg\u00f3 a tener, hasta las 23.59 del jueves 26, un \u2018alcance estimado\u2019 de 44 044 personas. Con el paso de las horas y los d\u00edas estas cifras siguieron aumentando y continuaron alentando el debate en torno a los impactos del Covid-19 en las ciudades. <\/p>\n\n\n\n<p>Autores: Fernando Carri\u00f3n y Jaime Erazo<\/p>\n\n\n\n<div class=\"wp-block-file\"><a href=\"https:\/\/cebem.org\/wp-content\/uploads\/2020\/04\/Foro-G.-Rese\u00c3\u00b1a-Primer-Foro.pdf\"><strong>Descarga la Rese\u00f1a AQUI<\/strong><\/a><a href=\"https:\/\/cebem.org\/wp-content\/uploads\/2020\/04\/Foro-G.-Rese\u00c3\u00b1a-Primer-Foro.pdf\" class=\"wp-block-file__button\" download>Descarga<\/a><\/div>\n","protected":false},"excerpt":{"rendered":"<p>Por primera ocasi\u00f3n Quito acogi\u00f3 la celebraci\u00f3n del Primer foro global \u2018Ciudades y coronavirus: una ecuaci\u00f3n compleja\u2019, que se llev\u00f3 a cabo el jueves 26 de marzo de 2020. Este evento mundial reuni\u00f3 virtualmente a 2 600 asistentes procedentes de cinco continentes.<\/p>\n","protected":false},"author":10,"featured_media":7036,"comment_status":"closed","ping_status":"closed","sticky":false,"template":"","format":"standard","meta":{"_jetpack_memberships_contains_paid_content":false,"footnotes":"","jetpack_publicize_message":"Consulte la rese\u00f1a del Primer #ForoGlobal \"Ciudades y #coronavirus: una ecuaci\u00f3n compleja\"","jetpack_publicize_feature_enabled":true,"jetpack_social_post_already_shared":true,"jetpack_social_options":{"image_generator_settings":{"template":"highway","default_image_id":0,"font":"","enabled":false},"version":2}},"categories":[7],"tags":[599,586,39,606],"class_list":["post-7034","post","type-post","status-publish","format-standard","has-post-thumbnail","hentry","category-otras-publicaciones","tag-boletin-4-abril-2020","tag-coronavirus","tag-foro","tag-resena","item-wrap"],"jetpack_publicize_connections":[],"jetpack_featured_media_url":"https:\/\/i0.wp.com\/cebem.org\/wp-content\/uploads\/2020\/04\/Zrzut-ekranu-2020-04-15-o-11.21.39-1.png?fit=1288%2C658&ssl=1","jetpack_sharing_enabled":true,"_links":{"self":[{"href":"https:\/\/cebem.org\/index.php?rest_route=\/wp\/v2\/posts\/7034","targetHints":{"allow":["GET"]}}],"collection":[{"href":"https:\/\/cebem.org\/index.php?rest_route=\/wp\/v2\/posts"}],"about":[{"href":"https:\/\/cebem.org\/index.php?rest_route=\/wp\/v2\/types\/post"}],"author":[{"embeddable":true,"href":"https:\/\/cebem.org\/index.php?rest_route=\/wp\/v2\/users\/10"}],"replies":[{"embeddable":true,"href":"https:\/\/cebem.org\/index.php?rest_route=%2Fwp%2Fv2%2Fcomments&post=7034"}],"version-history":[{"count":1,"href":"https:\/\/cebem.org\/index.php?rest_route=\/wp\/v2\/posts\/7034\/revisions"}],"predecessor-version":[{"id":7038,"href":"https:\/\/cebem.org\/index.php?rest_route=\/wp\/v2\/posts\/7034\/revisions\/7038"}],"wp:featuredmedia":[{"embeddable":true,"href":"https:\/\/cebem.org\/index.php?rest_route=\/wp\/v2\/media\/7036"}],"wp:attachment":[{"href":"https:\/\/cebem.org\/index.php?rest_route=%2Fwp%2Fv2%2Fmedia&parent=7034"}],"wp:term":[{"taxonomy":"category","embeddable":true,"href":"https:\/\/cebem.org\/index.php?rest_route=%2Fwp%2Fv2%2Fcategories&post=7034"},{"taxonomy":"post_tag","embeddable":true,"href":"https:\/\/cebem.org\/index.php?rest_route=%2Fwp%2Fv2%2Ftags&post=7034"}],"curies":[{"name":"wp","href":"https:\/\/api.w.org\/{rel}","templated":true}]}}