
{"id":7022,"date":"2020-04-13T11:48:11","date_gmt":"2020-04-13T15:48:11","guid":{"rendered":"https:\/\/cebem.org\/?p=7022"},"modified":"2020-04-13T11:48:12","modified_gmt":"2020-04-13T15:48:12","slug":"boletin-apuntes-no-254-agenda-economico-productiva-en-la-pos-cuarentena-por-pandemia-de-covid-19","status":"publish","type":"post","link":"https:\/\/cebem.org\/?p=7022","title":{"rendered":"BOLET\u00cdN APUNTES N\u00ba 254: Agenda econ\u00f3mico productiva en la pos cuarentena por pandemia de covid-19"},"content":{"rendered":"\n<div class=\"wp-block-image\"><figure class=\"aligncenter size-large\"><img data-recalc-dims=\"1\" fetchpriority=\"high\" decoding=\"async\" width=\"750\" height=\"505\" src=\"https:\/\/i0.wp.com\/cebem.org\/wp-content\/uploads\/2020\/04\/Zrzut-ekranu-2020-04-13-o-11.40.51.png?resize=750%2C505&#038;ssl=1\" alt=\"\" class=\"wp-image-7023\" srcset=\"https:\/\/i0.wp.com\/cebem.org\/wp-content\/uploads\/2020\/04\/Zrzut-ekranu-2020-04-13-o-11.40.51.png?resize=1024%2C689&amp;ssl=1 1024w, https:\/\/i0.wp.com\/cebem.org\/wp-content\/uploads\/2020\/04\/Zrzut-ekranu-2020-04-13-o-11.40.51.png?resize=300%2C202&amp;ssl=1 300w, https:\/\/i0.wp.com\/cebem.org\/wp-content\/uploads\/2020\/04\/Zrzut-ekranu-2020-04-13-o-11.40.51.png?resize=768%2C517&amp;ssl=1 768w, https:\/\/i0.wp.com\/cebem.org\/wp-content\/uploads\/2020\/04\/Zrzut-ekranu-2020-04-13-o-11.40.51.png?resize=600%2C404&amp;ssl=1 600w, https:\/\/i0.wp.com\/cebem.org\/wp-content\/uploads\/2020\/04\/Zrzut-ekranu-2020-04-13-o-11.40.51.png?resize=1536%2C1034&amp;ssl=1 1536w, https:\/\/i0.wp.com\/cebem.org\/wp-content\/uploads\/2020\/04\/Zrzut-ekranu-2020-04-13-o-11.40.51.png?w=1584&amp;ssl=1 1584w\" sizes=\"(max-width: 750px) 100vw, 750px\" \/><\/figure><\/div>\n\n\n\n<p>El Instituto para el Desarrollo Rural de Sudam\u00e9rica (<a href=\"https:\/\/ipdrs.org\/\" target=\"_blank\" rel=\"noreferrer noopener\" aria-label=\"IPDRS (se abre en una nueva pesta\u00f1a)\">IPDRS<\/a>) es una iniciativa de la sociedad civil que naci\u00f3 en el a\u00f1o 2009 para promover enlaces, sinergias y acciones de <strong>desarrollo rural de base campesina ind\u00edgena en la regi\u00f3n sudamericana<\/strong>.<\/p>\n\n\n\n<p>El IPDRS ejecuta proyectos, realiza consultor\u00edas y evaluaciones y gestiona servicios de fortalecimiento de capacidades de desarrollo rural en Sudam\u00e9rica a trav\u00e9s de las l\u00edneas de: INVESTIGACI\u00d3N-ACCI\u00d3N, COMUNICACI\u00d3N e INTERAPRENDIZAJE.<\/p>\n\n\n\n<p>Les invitamos a leer el<strong> bolet\u00edn N\u00ba 254<\/strong>, donde pueden averiguar, entre otros, qu\u00e9 acciones deben priorizar los estados para proteger a los pueblos ind\u00edgenas amaz\u00f3nicos o por qu\u00e9 el kit de alimentos del gobierno no inclu\u00eda soja.<\/p>\n\n\n\n<p><a href=\"https:\/\/www.sudamericarural.org\/index.php\/nuestra-produccion\/boletin-apuntes\/listid-1\/mailid-225-agenda-economico-productiva-en-la-pos-cuarentena-por-pandemia-de-covid-19-boletin-n-254\" target=\"_blank\" rel=\"noreferrer noopener\" aria-label=\" (se abre en una nueva pesta\u00f1a)\">Ver el bolet\u00edn<\/a><\/p>\n","protected":false},"excerpt":{"rendered":"<p>Les invitamos a leer el bolet\u00edn N\u00ba 254, donde pueden averiguar, entre otros, qu\u00e9 acciones deben priorizar los estados para proteger a los pueblos ind\u00edgenas amaz\u00f3nicos o por qu\u00e9 el kit de alimentos del gobierno no inclu\u00eda soja.<\/p>\n","protected":false},"author":10,"featured_media":6984,"comment_status":"closed","ping_status":"closed","sticky":false,"template":"","format":"standard","meta":{"_jetpack_memberships_contains_paid_content":false,"footnotes":"","jetpack_publicize_message":"Lee el nuevo BOLET\u00cdN #APUNTES N\u00ba 254: \"Agenda econ\u00f3mico productiva en la pos cuarentena por pandemia de #coronavirus \"","jetpack_publicize_feature_enabled":true,"jetpack_social_post_already_shared":true,"jetpack_social_options":{"image_generator_settings":{"template":"highway","default_image_id":0,"font":"","enabled":false},"version":2}},"categories":[5],"tags":[604,599,586,572,570],"class_list":["post-7022","post","type-post","status-publish","format-standard","has-post-thumbnail","hentry","category-boletin","tag-apuntes","tag-boletin-4-abril-2020","tag-coronavirus","tag-indigena","tag-ipdrs","item-wrap"],"jetpack_publicize_connections":[],"jetpack_featured_media_url":"https:\/\/i0.wp.com\/cebem.org\/wp-content\/uploads\/2020\/04\/Zrzut-ekranu-2020-04-1-o-11.29.05.png?fit=1594%2C464&ssl=1","jetpack_sharing_enabled":true,"_links":{"self":[{"href":"https:\/\/cebem.org\/index.php?rest_route=\/wp\/v2\/posts\/7022","targetHints":{"allow":["GET"]}}],"collection":[{"href":"https:\/\/cebem.org\/index.php?rest_route=\/wp\/v2\/posts"}],"about":[{"href":"https:\/\/cebem.org\/index.php?rest_route=\/wp\/v2\/types\/post"}],"author":[{"embeddable":true,"href":"https:\/\/cebem.org\/index.php?rest_route=\/wp\/v2\/users\/10"}],"replies":[{"embeddable":true,"href":"https:\/\/cebem.org\/index.php?rest_route=%2Fwp%2Fv2%2Fcomments&post=7022"}],"version-history":[{"count":1,"href":"https:\/\/cebem.org\/index.php?rest_route=\/wp\/v2\/posts\/7022\/revisions"}],"predecessor-version":[{"id":7024,"href":"https:\/\/cebem.org\/index.php?rest_route=\/wp\/v2\/posts\/7022\/revisions\/7024"}],"wp:featuredmedia":[{"embeddable":true,"href":"https:\/\/cebem.org\/index.php?rest_route=\/wp\/v2\/media\/6984"}],"wp:attachment":[{"href":"https:\/\/cebem.org\/index.php?rest_route=%2Fwp%2Fv2%2Fmedia&parent=7022"}],"wp:term":[{"taxonomy":"category","embeddable":true,"href":"https:\/\/cebem.org\/index.php?rest_route=%2Fwp%2Fv2%2Fcategories&post=7022"},{"taxonomy":"post_tag","embeddable":true,"href":"https:\/\/cebem.org\/index.php?rest_route=%2Fwp%2Fv2%2Ftags&post=7022"}],"curies":[{"name":"wp","href":"https:\/\/api.w.org\/{rel}","templated":true}]}}