
{"id":6982,"date":"2020-04-01T11:42:17","date_gmt":"2020-04-01T15:42:17","guid":{"rendered":"https:\/\/cebem.org\/?p=6982"},"modified":"2020-04-01T11:42:19","modified_gmt":"2020-04-01T15:42:19","slug":"boletin-apuntes-no-253-covid-19-en-el-campo-control-territorial-autocuidado-y-resistencias-cotidianas","status":"publish","type":"post","link":"https:\/\/cebem.org\/?p=6982","title":{"rendered":"BOLET\u00cdN APUNTES N\u00ba 253: COVID-19 en el campo \u00abControl territorial, autocuidado y resistencias cotidianas\u00bb"},"content":{"rendered":"\n<div class=\"wp-block-image\"><figure class=\"aligncenter size-large\"><img data-recalc-dims=\"1\" fetchpriority=\"high\" decoding=\"async\" width=\"750\" height=\"218\" src=\"https:\/\/i0.wp.com\/cebem.org\/wp-content\/uploads\/2020\/04\/Zrzut-ekranu-2020-04-1-o-11.29.05.png?resize=750%2C218&#038;ssl=1\" alt=\"\" class=\"wp-image-6984\" srcset=\"https:\/\/i0.wp.com\/cebem.org\/wp-content\/uploads\/2020\/04\/Zrzut-ekranu-2020-04-1-o-11.29.05.png?resize=1024%2C298&amp;ssl=1 1024w, https:\/\/i0.wp.com\/cebem.org\/wp-content\/uploads\/2020\/04\/Zrzut-ekranu-2020-04-1-o-11.29.05.png?resize=300%2C87&amp;ssl=1 300w, https:\/\/i0.wp.com\/cebem.org\/wp-content\/uploads\/2020\/04\/Zrzut-ekranu-2020-04-1-o-11.29.05.png?resize=768%2C224&amp;ssl=1 768w, https:\/\/i0.wp.com\/cebem.org\/wp-content\/uploads\/2020\/04\/Zrzut-ekranu-2020-04-1-o-11.29.05.png?resize=600%2C175&amp;ssl=1 600w, https:\/\/i0.wp.com\/cebem.org\/wp-content\/uploads\/2020\/04\/Zrzut-ekranu-2020-04-1-o-11.29.05.png?resize=1536%2C447&amp;ssl=1 1536w, https:\/\/i0.wp.com\/cebem.org\/wp-content\/uploads\/2020\/04\/Zrzut-ekranu-2020-04-1-o-11.29.05.png?w=1594&amp;ssl=1 1594w\" sizes=\"(max-width: 750px) 100vw, 750px\" \/><\/figure><\/div>\n\n\n\n<p>El Instituto para el Desarrollo Rural de Sudam\u00e9rica (<a href=\"https:\/\/ipdrs.org\/\" target=\"_blank\" rel=\"noreferrer noopener\" aria-label=\"IPDRS (se abre en una nueva pesta\u00f1a)\">IPDRS<\/a>) es una iniciativa de la sociedad civil que naci\u00f3 en el a\u00f1o 2009 para promover enlaces, sinergias y acciones de <strong>desarrollo rural de base campesina ind\u00edgena en la regi\u00f3n sudamericana<\/strong>.<\/p>\n\n\n\n<p>El IPDRS ejecuta proyectos, realiza consultor\u00edas y evaluaciones y gestiona servicios de fortalecimiento de capacidades de desarrollo rural en Sudam\u00e9rica a trav\u00e9s de las l\u00edneas de: INVESTIGACI\u00d3N-ACCI\u00d3N, COMUNICACI\u00d3N e INTERAPRENDIZAJE.<\/p>\n\n\n\n<p>Les invitamos a leer el<strong> bolet\u00edn N\u00ba 253<\/strong>, donde pueden averiguar, entre otros, sobre coronavirus y c\u00f3mo afecta los pueblos ind\u00edgenas, la econom\u00eda capitalista y agronegocios.  <\/p>\n\n\n\n<p><a href=\"https:\/\/www.sudamericarural.org\/index.php\/nuestra-produccion\/boletin-apuntes\/listid-1\/mailid-224-covid-19-en-el-campo-control-territorial-autocuidado-y-resistencias-cotidianas-boletin-n-253\" target=\"_blank\" rel=\"noreferrer noopener\" aria-label=\"Ver el bolet\u00edn (se abre en una nueva pesta\u00f1a)\">Ver el bolet\u00edn<\/a><\/p>\n","protected":false},"excerpt":{"rendered":"<p>Les invitamos a leer el bolet\u00edn N\u00ba 253 de IPDRS, donde pueden averiguar, entre otros, sobre coronavirus y c\u00f3mo afecta los pueblos ind\u00edgenas, la econom\u00eda capitalista y agronegocios.  <\/p>\n","protected":false},"author":10,"featured_media":6984,"comment_status":"closed","ping_status":"closed","sticky":false,"template":"","format":"standard","meta":{"_jetpack_memberships_contains_paid_content":false,"footnotes":"","jetpack_publicize_message":"BOLET\u00cdN APUNTES N\u00ba 253: #COVID-19 en el campo \"Control territorial, autocuidado y resistencias cotidianas\"  #IPDRS","jetpack_publicize_feature_enabled":true,"jetpack_social_post_already_shared":true,"jetpack_social_options":{"image_generator_settings":{"template":"highway","default_image_id":0,"font":"","enabled":false},"version":2}},"categories":[5],"tags":[477,569,586,572,570],"class_list":["post-6982","post","type-post","status-publish","format-standard","has-post-thumbnail","hentry","category-boletin","tag-agroecologia","tag-boletin-3-marzo-2020","tag-coronavirus","tag-indigena","tag-ipdrs","item-wrap"],"jetpack_publicize_connections":[],"jetpack_featured_media_url":"https:\/\/i0.wp.com\/cebem.org\/wp-content\/uploads\/2020\/04\/Zrzut-ekranu-2020-04-1-o-11.29.05.png?fit=1594%2C464&ssl=1","jetpack_sharing_enabled":true,"_links":{"self":[{"href":"https:\/\/cebem.org\/index.php?rest_route=\/wp\/v2\/posts\/6982","targetHints":{"allow":["GET"]}}],"collection":[{"href":"https:\/\/cebem.org\/index.php?rest_route=\/wp\/v2\/posts"}],"about":[{"href":"https:\/\/cebem.org\/index.php?rest_route=\/wp\/v2\/types\/post"}],"author":[{"embeddable":true,"href":"https:\/\/cebem.org\/index.php?rest_route=\/wp\/v2\/users\/10"}],"replies":[{"embeddable":true,"href":"https:\/\/cebem.org\/index.php?rest_route=%2Fwp%2Fv2%2Fcomments&post=6982"}],"version-history":[{"count":2,"href":"https:\/\/cebem.org\/index.php?rest_route=\/wp\/v2\/posts\/6982\/revisions"}],"predecessor-version":[{"id":6985,"href":"https:\/\/cebem.org\/index.php?rest_route=\/wp\/v2\/posts\/6982\/revisions\/6985"}],"wp:featuredmedia":[{"embeddable":true,"href":"https:\/\/cebem.org\/index.php?rest_route=\/wp\/v2\/media\/6984"}],"wp:attachment":[{"href":"https:\/\/cebem.org\/index.php?rest_route=%2Fwp%2Fv2%2Fmedia&parent=6982"}],"wp:term":[{"taxonomy":"category","embeddable":true,"href":"https:\/\/cebem.org\/index.php?rest_route=%2Fwp%2Fv2%2Fcategories&post=6982"},{"taxonomy":"post_tag","embeddable":true,"href":"https:\/\/cebem.org\/index.php?rest_route=%2Fwp%2Fv2%2Ftags&post=6982"}],"curies":[{"name":"wp","href":"https:\/\/api.w.org\/{rel}","templated":true}]}}