
{"id":6976,"date":"2020-03-23T10:51:00","date_gmt":"2020-03-23T14:51:00","guid":{"rendered":"https:\/\/cebem.org\/?p=6976"},"modified":"2020-03-30T19:02:10","modified_gmt":"2020-03-30T23:02:10","slug":"pensamientos-de-sostenibilidad-103","status":"publish","type":"post","link":"https:\/\/cebem.org\/?p=6976","title":{"rendered":"Pensamientos de sostenibilidad 103:"},"content":{"rendered":"\n<h3 class=\"has-text-align-center wp-block-heading\">\u00bfC\u00f3mo habr\u00eda sido el cambio de modelo de los mercados tradicionales a los mercados verdes si la Comisi\u00f3n Brundtland de 1987 hubiera recomendado entonces una correcci\u00f3n de sostenibilidad ambiental?<\/h3>\n\n\n\n<div class=\"wp-block-image\"><figure class=\"aligncenter size-large\"><img data-recalc-dims=\"1\" fetchpriority=\"high\" decoding=\"async\" width=\"293\" height=\"327\" src=\"https:\/\/i0.wp.com\/cebem.org\/wp-content\/uploads\/2020\/03\/ART142Fa1Spanish.jpg?resize=293%2C327&#038;ssl=1\" alt=\"\" class=\"wp-image-6978\" srcset=\"https:\/\/i0.wp.com\/cebem.org\/wp-content\/uploads\/2020\/03\/ART142Fa1Spanish.jpg?w=293&amp;ssl=1 293w, https:\/\/i0.wp.com\/cebem.org\/wp-content\/uploads\/2020\/03\/ART142Fa1Spanish.jpg?resize=269%2C300&amp;ssl=1 269w\" sizes=\"(max-width: 293px) 100vw, 293px\" \/><\/figure><\/div>\n\n\n\n<p><strong>Por<\/strong> <strong>Lucio Mu\u00f1oz<\/strong>: Investigador\/consultor comparativo cualitativo independiente, Vancouver, BC, Canad\u00e1.&nbsp;<strong> Correo:<\/strong> <a href=\"mailto:munoz@interchange.ubc.ca\" target=\"_blank\" rel=\"noreferrer noopener\" aria-label=\"munoz@interchange.ubc.ca (se abre en una nueva pesta\u00f1a)\">munoz@interchange.ubc.ca<\/a><\/p>\n\n\n\n<p><strong>Res\u00famen<\/strong><\/p>\n\n\n\n<p class=\"has-text-align-justify\">Se puede decir que el mercado tradicional es un mercado libre que re\u00fane a\nlos productores tradicionales(K) y a los consumidores tradicionales (L) bajo la\nsuposici\u00f3n de una neutralidad total de la externalidad social y ambiental.&nbsp; Y esto crea la ilusi\u00f3n econ\u00f3mica tradicional\ncircular, la idea de que la actividad de producci\u00f3n puede ocurrir sin generar\nexternalidades de producci\u00f3n y de consumo.&nbsp;\nEl hecho de que las externalidades sociales y ambientales asociadas al\nmercado tradicional son reales conduce a una desconexi\u00f3n entre las\nexternalidades sociales y ambientales y los precios tradicionales del\nmercado.&nbsp; Para corregir esta desconexi\u00f3n,\nla Comisi\u00f3n Brundtland de 1987 recomend\u00f3 el uso del pensamiento de desarrollo\nsostenible, la cual fue y es la recomendaci\u00f3n equivocada, ya que el problema de\nla externalidad que afecta al mercado tradicional fue y es una cuesti\u00f3n de\nsostenibilidad, no de desarrollo sostenible.&nbsp;\nHab\u00edan 3 correcciones posibles para solucionar este problema de\nsostenibilidad: i) una correcci\u00f3n completa de externalidad social y ambiental o\nuna correcci\u00f3n de sostenibilidad; ii) una correcci\u00f3n parcial a trav\u00e9s de\nmercados verdes o una correcci\u00f3n de sostenibilidad ambiental; y iii) una\ncorrecci\u00f3n parcial a trav\u00e9s de mercados rojos o una correcci\u00f3n de\nsostenibilidad social. &nbsp;La discusi\u00f3n anterior plantea algunas preguntas\ninteresantes dependiendo del tipo de soluci\u00f3n que se recomienda. &nbsp;Con respecto a la primera posibilidad, la\nrecomendaci\u00f3n de soluci\u00f3n de sostenibilidad, la respuesta de c\u00f3mo se habr\u00eda\nvisto se comparti\u00f3 recientemente en detalle de manera gr\u00e1fica y anal\u00edtica\n(Mu\u00f1oz 2020b). &nbsp;Con respecto a la segunda\nposibilidad, la pregunta es \u00bfC\u00f3mo habr\u00eda sido el cambio de modelo del\nmercado tradicional de Adam Smith hacia los mercados verdes si la Comisi\u00f3n\nBrundtland de 1987 hubiera recomendado una correcci\u00f3n de sostenibilidad\nambiental? El objetivo principal de este documento es proporcionar una\nrespuesta a esta pregunta.<\/p>\n\n\n\n<div class=\"wp-block-file\"><a href=\"https:\/\/cebem.org\/wp-content\/uploads\/2020\/03\/ART142.pdf\" target=\"_blank\" rel=\"noreferrer noopener\"><strong>Descargue el art\u00edculo completo<\/strong><\/a><a href=\"https:\/\/cebem.org\/wp-content\/uploads\/2020\/03\/ART142.pdf\" class=\"wp-block-file__button\" download>Descarga<\/a><\/div>\n","protected":false},"excerpt":{"rendered":"<p>Se puede decir que el mercado tradicional es un mercado libre que re\u00fane a los productores tradicionales(K) y a los consumidores tradicionales (L) bajo la suposici\u00f3n de una neutralidad total de la externalidad social y ambiental. <\/p>\n","protected":false},"author":2,"featured_media":6978,"comment_status":"closed","ping_status":"closed","sticky":false,"template":"","format":"standard","meta":{"_jetpack_memberships_contains_paid_content":false,"footnotes":"","jetpack_publicize_message":"\u00bfC\u00f3mo habr\u00eda sido el cambio de modelo de los mercados tradicionales a los mercados verdes si la Comisi\u00f3n Brundtland de 1987 hubiera recomendado entonces una correcci\u00f3n de sostenibilidad ambiental?","jetpack_publicize_feature_enabled":true,"jetpack_social_post_already_shared":true,"jetpack_social_options":{"image_generator_settings":{"template":"highway","default_image_id":0,"font":"","enabled":false},"version":2}},"categories":[7],"tags":[29,569],"class_list":["post-6976","post","type-post","status-publish","format-standard","has-post-thumbnail","hentry","category-otras-publicaciones","tag-articulo","tag-boletin-3-marzo-2020","item-wrap"],"jetpack_publicize_connections":[],"jetpack_featured_media_url":"https:\/\/i0.wp.com\/cebem.org\/wp-content\/uploads\/2020\/03\/ART142Fa1Spanish.jpg?fit=293%2C327&ssl=1","jetpack_sharing_enabled":true,"_links":{"self":[{"href":"https:\/\/cebem.org\/index.php?rest_route=\/wp\/v2\/posts\/6976","targetHints":{"allow":["GET"]}}],"collection":[{"href":"https:\/\/cebem.org\/index.php?rest_route=\/wp\/v2\/posts"}],"about":[{"href":"https:\/\/cebem.org\/index.php?rest_route=\/wp\/v2\/types\/post"}],"author":[{"embeddable":true,"href":"https:\/\/cebem.org\/index.php?rest_route=\/wp\/v2\/users\/2"}],"replies":[{"embeddable":true,"href":"https:\/\/cebem.org\/index.php?rest_route=%2Fwp%2Fv2%2Fcomments&post=6976"}],"version-history":[{"count":3,"href":"https:\/\/cebem.org\/index.php?rest_route=\/wp\/v2\/posts\/6976\/revisions"}],"predecessor-version":[{"id":7196,"href":"https:\/\/cebem.org\/index.php?rest_route=\/wp\/v2\/posts\/6976\/revisions\/7196"}],"wp:featuredmedia":[{"embeddable":true,"href":"https:\/\/cebem.org\/index.php?rest_route=\/wp\/v2\/media\/6978"}],"wp:attachment":[{"href":"https:\/\/cebem.org\/index.php?rest_route=%2Fwp%2Fv2%2Fmedia&parent=6976"}],"wp:term":[{"taxonomy":"category","embeddable":true,"href":"https:\/\/cebem.org\/index.php?rest_route=%2Fwp%2Fv2%2Fcategories&post=6976"},{"taxonomy":"post_tag","embeddable":true,"href":"https:\/\/cebem.org\/index.php?rest_route=%2Fwp%2Fv2%2Ftags&post=6976"}],"curies":[{"name":"wp","href":"https:\/\/api.w.org\/{rel}","templated":true}]}}