
{"id":6964,"date":"2020-03-26T10:43:07","date_gmt":"2020-03-26T14:43:07","guid":{"rendered":"https:\/\/cebem.org\/?p=6964"},"modified":"2020-09-01T17:31:58","modified_gmt":"2020-09-01T21:31:58","slug":"iniciamos-la-convocatoria-ii-congreso-virtual-desarrollo-sustentable-y-desafios-ambientales","status":"publish","type":"post","link":"https:\/\/cebem.org\/?p=6964","title":{"rendered":"II Congreso Virtual \u00abDesarrollo Sustentable y Desaf\u00edos Ambientales\u00bb"},"content":{"rendered":"\n<figure class=\"wp-block-image size-large\"><img data-recalc-dims=\"1\" fetchpriority=\"high\" decoding=\"async\" width=\"750\" height=\"478\" src=\"https:\/\/i0.wp.com\/cebem.org\/wp-content\/uploads\/2020\/03\/Zrzut-ekranu-2020-03-25-o-11.57.31.png?resize=750%2C478&#038;ssl=1\" alt=\"\" class=\"wp-image-6965\" srcset=\"https:\/\/i0.wp.com\/cebem.org\/wp-content\/uploads\/2020\/03\/Zrzut-ekranu-2020-03-25-o-11.57.31.png?resize=1024%2C652&amp;ssl=1 1024w, https:\/\/i0.wp.com\/cebem.org\/wp-content\/uploads\/2020\/03\/Zrzut-ekranu-2020-03-25-o-11.57.31.png?resize=300%2C191&amp;ssl=1 300w, https:\/\/i0.wp.com\/cebem.org\/wp-content\/uploads\/2020\/03\/Zrzut-ekranu-2020-03-25-o-11.57.31.png?resize=768%2C489&amp;ssl=1 768w, https:\/\/i0.wp.com\/cebem.org\/wp-content\/uploads\/2020\/03\/Zrzut-ekranu-2020-03-25-o-11.57.31.png?resize=600%2C382&amp;ssl=1 600w, https:\/\/i0.wp.com\/cebem.org\/wp-content\/uploads\/2020\/03\/Zrzut-ekranu-2020-03-25-o-11.57.31.png?resize=1536%2C979&amp;ssl=1 1536w, https:\/\/i0.wp.com\/cebem.org\/wp-content\/uploads\/2020\/03\/Zrzut-ekranu-2020-03-25-o-11.57.31.png?w=1946&amp;ssl=1 1946w\" sizes=\"(max-width: 750px) 100vw, 750px\" \/><\/figure>\n\n\n\n<p class=\"has-text-align-center\"><strong>PARTICIPA de este congreso y se parte en generar conocimiento y posibles soluciones al medio ambiente<\/strong><\/p>\n\n\n\n<p><strong>LA PRIMERA EDICI\u00d3N<\/strong>&nbsp;del Congreso Virtual \u201cDesarrollo sustentable y desaf\u00edos ambientales\u201d concentr\u00f3 m\u00e1s de 80 participantes y asistentes <a rel=\"noreferrer noopener\" href=\"http:\/\/congresos.cebem.org\/i-congreso-2019\/\" target=\"_blank\"><em>(AQU\u00cd puede ver un resumen de lo sucedido)<\/em><\/a>. En este marco, se han presentado 36 ponencias de Per\u00fa, Espa\u00f1a. Uruguay, Bolivia, Chile, Argentina, Costa Rica, Cuba, M\u00e9xico y Colombia, y se han habilitado 36 foros debate con m\u00e1s de 300 intercambios en red.<\/p>\n\n\n\n<p><strong>AHORA&nbsp;<\/strong>el segundo encuentro virtual ambiental propone avanzar sobre el tema ambiental en el marco de los desaf\u00edos que impone el cambio clim\u00e1tico a la gesti\u00f3n p\u00fablica, privada y del tercer sector.<\/p>\n\n\n\n<p>Esta situaci\u00f3n favorece un abordaje integral y complejo de tem\u00e1ticas ambientales de inter\u00e9s y de los actuales problemas ambientales, propiciando la b\u00fasqueda de estrategias direccionadas hacia el desarrollo sustentable.<\/p>\n\n\n\n<p>El&nbsp;<strong>espacio virtual<\/strong>&nbsp;asincr\u00f3nico que ofrece congreso, como parte de una serie de iniciativas de estas caracter\u00edsticas, intenta fomentar la socializaci\u00f3n de herramientas en materia ambiental y la puesta en di\u00e1logo entre actores que trabajan el abordaje de la tem\u00e1tica.<\/p>\n\n\n\n<p>El congreso brinda una serie de espacios de trabajo, que permitir\u00e1n el intercambio de aprendizaje para compartir experiencias y socializar conocimientos y rese\u00f1as.<\/p>\n\n\n\n<h4 class=\"wp-block-heading\"><strong>OBJETIVO PRINCIPAL<\/strong><\/h4>\n\n\n\n<p><strong>Establecer un espacio de intercambio y socializaci\u00f3n de experiencias y miradas<\/strong>&nbsp;en materia de los distintos instrumentos de gesti\u00f3n ambiental entre t\u00e9cnicos, funcionarios, consultores y docentes que trabajan el tema ambiental en los distintos pa\u00edses de Am\u00e9rica Latina y de la pen\u00ednsula ib\u00e9rica.<\/p>\n\n\n\n<h4 class=\"wp-block-heading\"><strong>MESAS DE PARTICIPACI\u00d3N<\/strong><\/h4>\n\n\n\n<ol class=\"wp-block-list\"><li><strong>Transici\u00f3n energ\u00e9tica.<\/strong><\/li><li><strong>Acci\u00f3n por el clima<\/strong>.<\/li><li><strong>Actores, Alianzas y gobernanza ambiental<\/strong>.<\/li><li><strong>Ciudades y comunidades sostenibles<\/strong>.<\/li><li><strong>Producci\u00f3n y consumo responsable<\/strong>.<\/li><li><strong>Conservaci\u00f3n de vida marina y terrestre.<\/strong><\/li><li><strong>Educaci\u00f3n de Calidad y Educaci\u00f3n para la sostenibilidad<\/strong>.<\/li><li><strong>Igualdad de g\u00e9nero y ambiente<\/strong>.&nbsp;<\/li><li><strong>Desigualdades sociales, ambiente y salud<\/strong><\/li><li><strong>Prospectiva y Ambiente<\/strong><\/li><\/ol>\n\n\n\n<h4 class=\"wp-block-heading\"><strong>CRONOGRAMA<\/strong><\/h4>\n\n\n\n<ul class=\"wp-block-list\"><li><strong>Periodo de inscripci\u00f3n:<\/strong>&nbsp;20 de Marzo al 21 de Septiembre de 2020<\/li><li><strong>Recepci\u00f3n de Res\u00famenes PERMANENTE:<\/strong>&nbsp;hasta el 15 de Julio de 2020<\/li><li><strong>Aviso de aceptaci\u00f3n de Resumen:<\/strong>&nbsp;24 de Julio de 2020&nbsp;<\/li><li><strong>Env\u00edo de ponencia completa o p\u00f3ster:<\/strong>&nbsp;hasta el 7 de Agosto de 2020<\/li><li><strong>Comunicaci\u00f3n sobre resultado de la Evaluaci\u00f3n de ponencia completa:&nbsp;<\/strong>hasta el 31 de Agosto de 2020<\/li><li><strong>Ajustes\/correcciones finales por parte de autores<\/strong>: hasta el 7 de septiembre de 2020<\/li><li><strong>Desarrollo del evento:<\/strong>&nbsp;21 de Septiembre al 30 de Septiembre de 2020<\/li><\/ul>\n\n\n\n<h4 class=\"wp-block-heading\"><a rel=\"noreferrer noopener\" href=\"https:\/\/docs.google.com\/forms\/d\/e\/1FAIpQLSfjfRBVYjKyUU1Me_mTixP6HLF595wS10kS6ngDnYI3y5U-PQ\/viewform\" target=\"_blank\">Preinscr\u00edbete AQU\u00cd<\/a><\/h4>\n\n\n\n<h4 class=\"wp-block-heading\"><a href=\"https:\/\/cebem.org\/wp-content\/uploads\/2020\/06\/CONDICIONES_NORMAS_presentacion_trabajos_2020-v3.pdf\" target=\"_blank\" rel=\"noreferrer noopener\">DESCARGUE AQU\u00cd las condiciones para presentaci\u00f3n de res\u00famenes y ponencias<\/a><\/h4>\n\n\n\n<h4 class=\"wp-block-heading\"><strong>Env\u00ede resumen al correo&nbsp;<a rel=\"noreferrer noopener\" href=\"mailto:congreso@cebem.org\" target=\"_blank\">congreso@cebem.org<\/a><\/strong><\/h4>\n\n\n\n<h4 class=\"wp-block-heading\"><a href=\"http:\/\/congresos.cebem.org\" target=\"_blank\" rel=\"noreferrer noopener\" aria-label=\"M\u00e1s informaci\u00f3n AQU\u00cd (se abre en una nueva pesta\u00f1a)\">M\u00e1s informaci\u00f3n AQU\u00cd<\/a><\/h4>\n\n\n\n<p><strong>\u00bfTIENES ALGUNA CONSULTA? ESCR\u00cdBENOS:<\/strong><\/p>\n\n\n\n<figure class=\"wp-block-image\"><img decoding=\"async\" src=\"https:\/\/i0.wp.com\/cebem.org\/wp-content\/uploads\/2019\/07\/envelope-3152053_960_720.png?resize=50%2C38&amp;ssl=1\" alt=\"\"\/><\/figure>\n\n\n\n<p><strong>Correo:<\/strong>&nbsp;<a href=\"mailto:congreso@cebem.org\">c<\/a><a href=\"mailto:congreso@cebem.org\" target=\"_blank\" rel=\"noreferrer noopener\">ongreso@cebem.org<\/a><\/p>\n\n\n\n<figure class=\"wp-block-image\"><img decoding=\"async\" src=\"https:\/\/i0.wp.com\/cebem.org\/wp-content\/uploads\/2019\/07\/Whatsapp_icon-icons.png?resize=57%2C57&amp;ssl=1\" alt=\"\"\/><\/figure>\n\n\n\n<p><a rel=\"noreferrer noopener\" href=\"https:\/\/api.whatsapp.com\/send?phone=59173027636&amp;text=Hola,%20me%20interesa%20el%202do%20Congreso%20y%20tengo%20la%20siguiente%20consulta\" target=\"_blank\"><strong>&nbsp;WhatsApp:<\/strong>&nbsp;+591 73027636<\/a><\/p>\n","protected":false},"excerpt":{"rendered":"<p>Tras el \u00e9xito de la primera edici\u00f3n del Congreso Virtual \u201cDesarrollo sustentable y desaf\u00edos ambientales\u201d se ha decidido llevar a cabo el II encuentro virtual ambienta.<\/p>\n","protected":false},"author":10,"featured_media":6965,"comment_status":"closed","ping_status":"closed","sticky":false,"template":"","format":"standard","meta":{"_jetpack_memberships_contains_paid_content":false,"footnotes":"","jetpack_publicize_message":"INICIAMOS LA CONVOCATORIA: II Congreso Virtual \"#DesarrolloSustentable y #Desaf\u00edosAmbientales\"\n#CongresoVirtualAmbiente2020 ","jetpack_publicize_feature_enabled":true,"jetpack_social_post_already_shared":true,"jetpack_social_options":{"image_generator_settings":{"template":"highway","default_image_id":0,"font":"","enabled":false},"version":2}},"categories":[8],"tags":[569,590,591,317],"class_list":["post-6964","post","type-post","status-publish","format-standard","has-post-thumbnail","hentry","category-convocatorias","tag-boletin-3-marzo-2020","tag-congreso-virtual-ambiente-2020","tag-desafios-ambientales","tag-desarrollo-sustentable","item-wrap"],"jetpack_publicize_connections":[],"jetpack_featured_media_url":"https:\/\/i0.wp.com\/cebem.org\/wp-content\/uploads\/2020\/03\/Zrzut-ekranu-2020-03-25-o-11.57.31.png?fit=1946%2C1240&ssl=1","jetpack_sharing_enabled":true,"_links":{"self":[{"href":"https:\/\/cebem.org\/index.php?rest_route=\/wp\/v2\/posts\/6964","targetHints":{"allow":["GET"]}}],"collection":[{"href":"https:\/\/cebem.org\/index.php?rest_route=\/wp\/v2\/posts"}],"about":[{"href":"https:\/\/cebem.org\/index.php?rest_route=\/wp\/v2\/types\/post"}],"author":[{"embeddable":true,"href":"https:\/\/cebem.org\/index.php?rest_route=\/wp\/v2\/users\/10"}],"replies":[{"embeddable":true,"href":"https:\/\/cebem.org\/index.php?rest_route=%2Fwp%2Fv2%2Fcomments&post=6964"}],"version-history":[{"count":5,"href":"https:\/\/cebem.org\/index.php?rest_route=\/wp\/v2\/posts\/6964\/revisions"}],"predecessor-version":[{"id":7660,"href":"https:\/\/cebem.org\/index.php?rest_route=\/wp\/v2\/posts\/6964\/revisions\/7660"}],"wp:featuredmedia":[{"embeddable":true,"href":"https:\/\/cebem.org\/index.php?rest_route=\/wp\/v2\/media\/6965"}],"wp:attachment":[{"href":"https:\/\/cebem.org\/index.php?rest_route=%2Fwp%2Fv2%2Fmedia&parent=6964"}],"wp:term":[{"taxonomy":"category","embeddable":true,"href":"https:\/\/cebem.org\/index.php?rest_route=%2Fwp%2Fv2%2Fcategories&post=6964"},{"taxonomy":"post_tag","embeddable":true,"href":"https:\/\/cebem.org\/index.php?rest_route=%2Fwp%2Fv2%2Ftags&post=6964"}],"curies":[{"name":"wp","href":"https:\/\/api.w.org\/{rel}","templated":true}]}}