
{"id":6959,"date":"2020-03-23T13:11:53","date_gmt":"2020-03-23T17:11:53","guid":{"rendered":"https:\/\/cebem.org\/?p=6959"},"modified":"2020-03-23T13:11:54","modified_gmt":"2020-03-23T17:11:54","slug":"especializacion-en-ordenamiento-territorial-y-urbano-sostenible","status":"publish","type":"post","link":"https:\/\/cebem.org\/?p=6959","title":{"rendered":"Especializaci\u00f3n en Ordenamiento Territorial y Urbano Sostenible"},"content":{"rendered":"\n<div class=\"wp-block-image\"><figure class=\"aligncenter size-large is-resized\"><img data-recalc-dims=\"1\" fetchpriority=\"high\" decoding=\"async\" src=\"https:\/\/i0.wp.com\/cebem.org\/wp-content\/uploads\/2020\/03\/Zrzut-ekranu-2020-03-23-o-11.23.51.png?resize=641%2C242&#038;ssl=1\" alt=\"\" class=\"wp-image-6960\" width=\"641\" height=\"242\" srcset=\"https:\/\/i0.wp.com\/cebem.org\/wp-content\/uploads\/2020\/03\/Zrzut-ekranu-2020-03-23-o-11.23.51.png?resize=1024%2C388&amp;ssl=1 1024w, https:\/\/i0.wp.com\/cebem.org\/wp-content\/uploads\/2020\/03\/Zrzut-ekranu-2020-03-23-o-11.23.51.png?resize=300%2C114&amp;ssl=1 300w, https:\/\/i0.wp.com\/cebem.org\/wp-content\/uploads\/2020\/03\/Zrzut-ekranu-2020-03-23-o-11.23.51.png?resize=768%2C291&amp;ssl=1 768w, https:\/\/i0.wp.com\/cebem.org\/wp-content\/uploads\/2020\/03\/Zrzut-ekranu-2020-03-23-o-11.23.51.png?resize=600%2C227&amp;ssl=1 600w, https:\/\/i0.wp.com\/cebem.org\/wp-content\/uploads\/2020\/03\/Zrzut-ekranu-2020-03-23-o-11.23.51.png?w=1066&amp;ssl=1 1066w\" sizes=\"(max-width: 641px) 100vw, 641px\" \/><\/figure><\/div>\n\n\n\n<p>Mediante este curso de especializaci\u00f3n se combina el estudio de los fundamentos te\u00f3ricos en materia urban\u00edstica con una completa formaci\u00f3n pr\u00e1ctica que incluye el an\u00e1lisis comparado de diferentes realidades urbanas, de forma tal que los participantes aprendan a adoptar una visi\u00f3n estrat\u00e9gica que les permita dise\u00f1ar propuestas innovadoras para gestionar un conjunto de factores complejos que inciden en el dise\u00f1o de la ciudad.\u00a0<\/p>\n\n\n\n<p><br>Algunos de los contenidos acad\u00e9micos que se abordar\u00e1n durante el programa girar\u00e1n en torno a las pol\u00edticas p\u00fablicas y el rol que cumple el gobierno en el territorio, la planificaci\u00f3n y nuevas formas de gesti\u00f3n, los aspectos claves de la econom\u00eda urbana para el desarrollo sostenible, los par\u00e1metros medio ambientales en el dise\u00f1o arquitect\u00f3nico, desarrollo urbano y gesti\u00f3n estrat\u00e9gica de la ciudad. Asimismo, se compartir\u00e1n experiencias de gesti\u00f3n p\u00fablica medio ambiental y planeamiento del desarrollo territorial, entre otras, a trav\u00e9s de las cuales se busca propiciar el estudio comparado de los temas objeto de estudio.<\/p>\n\n\n\n<h4 class=\"wp-block-heading\">OBJETIVOS<\/h4>\n\n\n\n<p>-Dotar de los instrumentos normativos que condicionan las pautas a seguir para el desarrollo de un plan urbano-sostenible.<br><br>-Integrar la formaci\u00f3n ambiental del t\u00e9cnico urbanista.\u00a0<br><br>-Fomentar que la planificaci\u00f3n urban\u00edstica sea complementada con criterios de sostenibilidad ambiental.<br><br>-Incorporar conocimientos y t\u00e9cnicas para generar espacios competitivos, oportunidades de negocio e inversi\u00f3n a trav\u00e9s de la colaboraci\u00f3n de agentes p\u00fablicos y privados.<\/p>\n\n\n\n<h4 class=\"wp-block-heading\">DESTINATARIOS<\/h4>\n\n\n\n<p>Est\u00e1 destinado a todas aquellas personas interesadas en ampliar sus conocimientos sobre urbanismo y ordenamiento territorial. Dirigido tanto a personal directivo y t\u00e9cnico de las distintas Administraciones P\u00fablicas y a profesionales que trabajan en el Sector P\u00fablico, en empresas urbanizadoras y de construcci\u00f3n, as\u00ed como a los profesionales que quieran formarse en esta tem\u00e1tica.<\/p>\n\n\n\n<p><strong><a href=\"https:\/\/mkt.uimunicipalistas.org\/display\/421\/el-ordenamiento-territorial-como-pieza-clave-para-la-sostenibilidad\/?cte=08a40f33427a451dbdfeb27f84ebf8d7\" target=\"_blank\" rel=\"noreferrer noopener\" aria-label=\"Para m\u00e1s informaci\u00f3n haga clic aqu\u00ed (se abre en una nueva pesta\u00f1a)\">Para m\u00e1s informaci\u00f3n haga clic aqu\u00ed<\/a><\/strong><\/p>\n\n\n\n<p><\/p>\n","protected":false},"excerpt":{"rendered":"<p>Mediante este curso de especializaci\u00f3n se combina el estudio de los fundamentos te\u00f3ricos en materia urban\u00edstica con una completa formaci\u00f3n pr\u00e1ctica que incluye el an\u00e1lisis comparado de diferentes realidades urbanas.<\/p>\n","protected":false},"author":10,"featured_media":6960,"comment_status":"closed","ping_status":"closed","sticky":false,"template":"","format":"standard","meta":{"_jetpack_memberships_contains_paid_content":false,"footnotes":"","jetpack_publicize_message":"Perfecciona tus conocimientos y habilidades para gestionar un territorio con criterios de #sostenibilidad social, econ\u00f3mica y medioambiental: Inscr\u00edbete a la Especializaci\u00f3n en Ordenamiento Territorial y Urbano Sostenible. #UIM ","jetpack_publicize_feature_enabled":true,"jetpack_social_post_already_shared":true,"jetpack_social_options":{"image_generator_settings":{"template":"highway","default_image_id":0,"font":"","enabled":false},"version":2}},"categories":[10],"tags":[569,423,203],"class_list":["post-6959","post","type-post","status-publish","format-standard","has-post-thumbnail","hentry","category-otros-cursos","tag-boletin-3-marzo-2020","tag-sostenibilidad","tag-uim","item-wrap"],"jetpack_publicize_connections":[],"jetpack_featured_media_url":"https:\/\/i0.wp.com\/cebem.org\/wp-content\/uploads\/2020\/03\/Zrzut-ekranu-2020-03-23-o-11.23.51.png?fit=1066%2C404&ssl=1","jetpack_sharing_enabled":true,"_links":{"self":[{"href":"https:\/\/cebem.org\/index.php?rest_route=\/wp\/v2\/posts\/6959","targetHints":{"allow":["GET"]}}],"collection":[{"href":"https:\/\/cebem.org\/index.php?rest_route=\/wp\/v2\/posts"}],"about":[{"href":"https:\/\/cebem.org\/index.php?rest_route=\/wp\/v2\/types\/post"}],"author":[{"embeddable":true,"href":"https:\/\/cebem.org\/index.php?rest_route=\/wp\/v2\/users\/10"}],"replies":[{"embeddable":true,"href":"https:\/\/cebem.org\/index.php?rest_route=%2Fwp%2Fv2%2Fcomments&post=6959"}],"version-history":[{"count":1,"href":"https:\/\/cebem.org\/index.php?rest_route=\/wp\/v2\/posts\/6959\/revisions"}],"predecessor-version":[{"id":6961,"href":"https:\/\/cebem.org\/index.php?rest_route=\/wp\/v2\/posts\/6959\/revisions\/6961"}],"wp:featuredmedia":[{"embeddable":true,"href":"https:\/\/cebem.org\/index.php?rest_route=\/wp\/v2\/media\/6960"}],"wp:attachment":[{"href":"https:\/\/cebem.org\/index.php?rest_route=%2Fwp%2Fv2%2Fmedia&parent=6959"}],"wp:term":[{"taxonomy":"category","embeddable":true,"href":"https:\/\/cebem.org\/index.php?rest_route=%2Fwp%2Fv2%2Fcategories&post=6959"},{"taxonomy":"post_tag","embeddable":true,"href":"https:\/\/cebem.org\/index.php?rest_route=%2Fwp%2Fv2%2Ftags&post=6959"}],"curies":[{"name":"wp","href":"https:\/\/api.w.org\/{rel}","templated":true}]}}