
{"id":6927,"date":"2020-03-13T10:39:21","date_gmt":"2020-03-13T14:39:21","guid":{"rendered":"https:\/\/cebem.org\/?p=6927"},"modified":"2020-03-13T10:39:23","modified_gmt":"2020-03-13T14:39:23","slug":"las-candidaturas-para-ser-sede-de-la-vi-cumbre-de-genero-estan-abiertas","status":"publish","type":"post","link":"https:\/\/cebem.org\/?p=6927","title":{"rendered":"Las candidaturas para ser sede de la VI Cumbre de G\u00e9nero est\u00e1n abiertas"},"content":{"rendered":"\n<div class=\"wp-block-image\"><figure class=\"aligncenter size-large\"><img data-recalc-dims=\"1\" fetchpriority=\"high\" decoding=\"async\" width=\"383\" height=\"274\" src=\"https:\/\/i0.wp.com\/cebem.org\/wp-content\/uploads\/2020\/03\/Capture2-2.png?resize=383%2C274&#038;ssl=1\" alt=\"\" class=\"wp-image-6928\" srcset=\"https:\/\/i0.wp.com\/cebem.org\/wp-content\/uploads\/2020\/03\/Capture2-2.png?w=383&amp;ssl=1 383w, https:\/\/i0.wp.com\/cebem.org\/wp-content\/uploads\/2020\/03\/Capture2-2.png?resize=300%2C215&amp;ssl=1 300w\" sizes=\"(max-width: 383px) 100vw, 383px\" \/><\/figure><\/div>\n\n\n\n<p><strong>NORMAS PARA LA PRESENTACI\u00d3N DE CANDIDATURAS\u00a0A SEDE\u00a0VI CUMBRE IBEROAMERICANA DE AGENDAS LOCALES DE G\u00c9NERO<\/strong><\/p>\n\n\n\n<p><strong>1. Sobre las Cumbres &nbsp;Iberoamericanas de Agendas Locales de G\u00e9nero UIM<\/strong><\/p>\n\n\n\n<p>La&nbsp;<em>Cumbre Iberoamericana sobre Agendas Locales de G\u00e9nero&nbsp;<\/em>est\u00e1 concebida como un foro a partir del cual promover la construcci\u00f3n de nuevos modelos de ciudad, desde una visi\u00f3n de justicia y equidad de g\u00e9nero como premisa para el desarrollo local.<\/p>\n\n\n\n<p>Se celebran con una periodicidad bianual en una ciudad\/municipio iberoamericano\/a&nbsp; elegido en funci\u00f3n de las postulaciones presentadas a tales efectos.<\/p>\n\n\n\n<p>La sede elegida, luego de la realizaci\u00f3n del evento, recibe la distinci\u00f3n de \u00abCiudad UIM\u00bb, en reconocimiento a la colaboraci\u00f3n que el territorio y sus autoridades aportan a la construcci\u00f3n de mejores lugares para el desarrollo equitativo e igualitario de la sociedad y por tanto al fortalecimiento local.<\/p>\n\n\n\n<p>Las&nbsp;<em>Cumbres Iberoamericanas de Agendas Locales de G\u00e9nero<\/em>&nbsp;tienen una duraci\u00f3n m\u00e1xima de cuatro d\u00edas y se celebran en las fechas del a\u00f1o m\u00e1s id\u00f3neas para la buena consecuci\u00f3n del evento, previo acuerdo de las partes.<\/p>\n\n\n\n<p>La Uni\u00f3n Iberoamericana de Municipalistas, a trav\u00e9s de su Comit\u00e9 Cient\u00edfico y Acad\u00e9mico, velar\u00e1 porque la calidad del evento alcance el m\u00e1ximo nivel acad\u00e9mico y profesional, siendo tambi\u00e9n un punto de partida para posibles alianzas y formaci\u00f3n de redes de conocimiento e institucionales.<\/p>\n\n\n\n<p><strong>2. &nbsp;Presentaci\u00f3n para ser Sede de la VI Cumbre Iberoamericana de Agendas Locales de G\u00e9nero<\/strong><\/p>\n\n\n\n<p>Ser\u00e1 seleccionada previa revisi\u00f3n de la candidatura correspondiente por parte del Consejo de Direcci\u00f3n de la Uni\u00f3n Iberoamericana de Municipalistas y &nbsp;aprobada por&nbsp; la Asamblea General&nbsp; de la UIM. La presentaci\u00f3n de la candidatura deber\u00e1 &nbsp;de hacerse &nbsp;con una antelaci\u00f3n de m\u00ednimo un a\u00f1o a la celebraci\u00f3n de la misma.<\/p>\n\n\n\n<p>Para realizar dicha presentaci\u00f3n la instituci\u00f3n candidata puede utilizar cualquier medio audiovisual \u2013 fotograf\u00edas, v\u00eddeos, entrevistas, etc.) que estime de inter\u00e9s.<\/p>\n\n\n\n<p>Este material ser\u00e1 facilitado al Consejo de Direcci\u00f3n de la UIM, con toda la documentaci\u00f3n pertinente, a fin de avalar la idoneidad de dicha candidatura. Es relevante incluir un video de la ciudad resaltando sus sitios emblem\u00e1ticos y todo aquello que haga m\u00e1s atractiva su postulaci\u00f3n. &nbsp;<\/p>\n\n\n\n<p>Las personas representantes de la ciudad interesada acompa\u00f1ar\u00e1n aquella&nbsp; documentaci\u00f3n necesaria que pruebe la capacidad de organizaci\u00f3n as\u00ed como la implicaci\u00f3n y respaldo institucional &nbsp;a la candidatura.<\/p>\n\n\n\n<p>La ciudad o municipio candidato deben de cumplir &nbsp;las siguientes condiciones que son imprescindibles para su selecci\u00f3n:<\/p>\n\n\n\n<ol class=\"wp-block-list\"><li>Las ciudades candidatas deber\u00e1n contar con las infraestructuras suficientes y la sede &nbsp;debe tener capacidad para dar cabida a los actos oficiales, &nbsp;actividades &nbsp;docentes y exposiciones del Congreso.<\/li><\/ol>\n\n\n\n<p>&nbsp;Para evaluar las posibles sedes, la solicitud deber\u00e1 ir acompa\u00f1ada de una memoria que incluya:<\/p>\n\n\n\n<p>a) La ubicaci\u00f3n de la sede y conexiones.<\/p>\n\n\n\n<p>b) La infraestructura general de la sede para el desarrollo del evento.<\/p>\n\n\n\n<p>c) La infraestructura y capacidad hotelera de la ciudad. El lugar ha de contar con hoteles suficientes en su \u00e1rea metropolitana para dar cabida a 500 asistentes como m\u00ednimo, con suficiente variedad de precios y categor\u00edas.<\/p>\n\n\n\n<p>d) La infraestructura y conexiones a\u00e9reas, &nbsp;ferroviarias y por carretera para facilitar la asistencia de los participantes<\/p>\n\n\n\n<p>e) Estimaci\u00f3n presupuestaria y apoyos de las instituciones de cara a la organizaci\u00f3n del evento<\/p>\n\n\n\n<p>&nbsp;&nbsp;&nbsp;&nbsp;&nbsp;&nbsp;&nbsp;&nbsp;&nbsp;&nbsp;&nbsp;&nbsp;&nbsp;&nbsp;&nbsp;&nbsp;&nbsp;&nbsp;&nbsp;&nbsp;&nbsp;&nbsp;&nbsp;&nbsp;&nbsp;&nbsp;&nbsp;&nbsp;&nbsp;&nbsp;&nbsp;II.&nbsp;&nbsp;&nbsp;&nbsp;&nbsp;&nbsp;&nbsp;&nbsp;&nbsp;&nbsp;&nbsp;&nbsp;La solicitud deber\u00e1 presentarse antes de la celebraci\u00f3n de la Cumbre del a\u00f1o en curso en el que se tomar\u00e1 la decisi\u00f3n.<\/p>\n\n\n\n<p>El Consejo de Direcci\u00f3n&nbsp;valorar\u00e1 el beneficio que reportar\u00eda la organizaci\u00f3n de la Cumbre&nbsp;a los y las asociadas UIM, al colectivo al que se dirige y al territorio que lo desarrolla.<\/p>\n\n\n\n<p><strong>3. Plazos para la postulaci\u00f3n<\/strong><\/p>\n\n\n\n<p class=\"has-text-align-center\"><strong>Las candidaturas ser\u00e1n recibidas hasta el d\u00eda 20 de marzo de 2020, a las 24:00 horas de Espa\u00f1a.<\/strong><\/p>\n\n\n\n<p>Las candidaturas seleccionadas podr\u00e1n presentar su postulaci\u00f3n en la reuni\u00f3n de la Red Iberoamericana de Municipios por la Igualdad de G\u00e9nero, a celebrarse en el marco de la V Cumbre Iberoamericana de Agendas Locales de G\u00e9nero (27 al 30 de abril de 2020, en Colima, M\u00e9xico.<\/p>\n\n\n\n<p><strong>4. Futuras convocatorias.<\/strong><\/p>\n\n\n\n<p>Las solicitudes que no prosperen no adquirir\u00e1n preferencia alguna respecto a otras o posteriores convocatorias, sin perjuicio de que puedan volver a postular para pr\u00f3ximas ocasiones.<\/p>\n\n\n\n<p>Aquellos municipios u organismos que quieran presentar su postulaci\u00f3n como sede de la Cumbre&nbsp;deben comunicarlo de forma previa a la Unidad de G\u00e9nero de la UIM, quien dar\u00e1 curso y&nbsp;el soporte necesario para realizar sus solicitudes (<a href=\"mailto:relacionesinstitucionales@uimunicipalistas.org\">relacionesinstitucionales@uimunicipalistas.org<\/a>).<\/p>\n","protected":false},"excerpt":{"rendered":"<p>La Cumbre Iberoamericana sobre Agendas Locales de G\u00e9nero est\u00e1 concebida como un foro a partir del cual promover la construcci\u00f3n de nuevos modelos de ciudad, desde una visi\u00f3n de justicia y equidad de g\u00e9nero como premisa para el desarrollo local.<\/p>\n","protected":false},"author":10,"featured_media":6928,"comment_status":"closed","ping_status":"closed","sticky":false,"template":"","format":"standard","meta":{"_jetpack_memberships_contains_paid_content":false,"footnotes":"","jetpack_publicize_message":"Las candidaturas para ser sede de la VI #Cumbre de #G\u00e9nero est\u00e1n abiertas hasta 20 de marzo de 2020 ","jetpack_publicize_feature_enabled":true,"jetpack_social_post_already_shared":true,"jetpack_social_options":{"image_generator_settings":{"template":"highway","default_image_id":0,"font":"","enabled":false},"version":2}},"categories":[8],"tags":[113,43,203],"class_list":["post-6927","post","type-post","status-publish","format-standard","has-post-thumbnail","hentry","category-convocatorias","tag-cumbre","tag-genero","tag-uim","item-wrap"],"jetpack_publicize_connections":[],"jetpack_featured_media_url":"https:\/\/i0.wp.com\/cebem.org\/wp-content\/uploads\/2020\/03\/Capture2-2.png?fit=383%2C274&ssl=1","jetpack_sharing_enabled":true,"_links":{"self":[{"href":"https:\/\/cebem.org\/index.php?rest_route=\/wp\/v2\/posts\/6927","targetHints":{"allow":["GET"]}}],"collection":[{"href":"https:\/\/cebem.org\/index.php?rest_route=\/wp\/v2\/posts"}],"about":[{"href":"https:\/\/cebem.org\/index.php?rest_route=\/wp\/v2\/types\/post"}],"author":[{"embeddable":true,"href":"https:\/\/cebem.org\/index.php?rest_route=\/wp\/v2\/users\/10"}],"replies":[{"embeddable":true,"href":"https:\/\/cebem.org\/index.php?rest_route=%2Fwp%2Fv2%2Fcomments&post=6927"}],"version-history":[{"count":2,"href":"https:\/\/cebem.org\/index.php?rest_route=\/wp\/v2\/posts\/6927\/revisions"}],"predecessor-version":[{"id":6930,"href":"https:\/\/cebem.org\/index.php?rest_route=\/wp\/v2\/posts\/6927\/revisions\/6930"}],"wp:featuredmedia":[{"embeddable":true,"href":"https:\/\/cebem.org\/index.php?rest_route=\/wp\/v2\/media\/6928"}],"wp:attachment":[{"href":"https:\/\/cebem.org\/index.php?rest_route=%2Fwp%2Fv2%2Fmedia&parent=6927"}],"wp:term":[{"taxonomy":"category","embeddable":true,"href":"https:\/\/cebem.org\/index.php?rest_route=%2Fwp%2Fv2%2Fcategories&post=6927"},{"taxonomy":"post_tag","embeddable":true,"href":"https:\/\/cebem.org\/index.php?rest_route=%2Fwp%2Fv2%2Ftags&post=6927"}],"curies":[{"name":"wp","href":"https:\/\/api.w.org\/{rel}","templated":true}]}}