
{"id":6920,"date":"2020-03-12T10:31:44","date_gmt":"2020-03-12T14:31:44","guid":{"rendered":"https:\/\/cebem.org\/?p=6920"},"modified":"2020-03-12T10:31:45","modified_gmt":"2020-03-12T14:31:45","slug":"el-enfoque-de-genero-desde-la-gobernanza-territorial-matriculas-abiertas","status":"publish","type":"post","link":"https:\/\/cebem.org\/?p=6920","title":{"rendered":"El Enfoque de G\u00e9nero Desde la Gobernanza Territorial &#8211; matr\u00edculas abiertas"},"content":{"rendered":"\n<div class=\"wp-block-image\"><figure class=\"aligncenter size-large is-resized\"><img data-recalc-dims=\"1\" fetchpriority=\"high\" decoding=\"async\" src=\"https:\/\/i0.wp.com\/cebem.org\/wp-content\/uploads\/2020\/03\/Zrzut-ekranu-2020-03-12-o-10.16.45.png?resize=497%2C497&#038;ssl=1\" alt=\"\" class=\"wp-image-6921\" width=\"497\" height=\"497\" srcset=\"https:\/\/i0.wp.com\/cebem.org\/wp-content\/uploads\/2020\/03\/Zrzut-ekranu-2020-03-12-o-10.16.45.png?w=796&amp;ssl=1 796w, https:\/\/i0.wp.com\/cebem.org\/wp-content\/uploads\/2020\/03\/Zrzut-ekranu-2020-03-12-o-10.16.45.png?resize=300%2C300&amp;ssl=1 300w, https:\/\/i0.wp.com\/cebem.org\/wp-content\/uploads\/2020\/03\/Zrzut-ekranu-2020-03-12-o-10.16.45.png?resize=150%2C150&amp;ssl=1 150w, https:\/\/i0.wp.com\/cebem.org\/wp-content\/uploads\/2020\/03\/Zrzut-ekranu-2020-03-12-o-10.16.45.png?resize=768%2C768&amp;ssl=1 768w, https:\/\/i0.wp.com\/cebem.org\/wp-content\/uploads\/2020\/03\/Zrzut-ekranu-2020-03-12-o-10.16.45.png?resize=600%2C600&amp;ssl=1 600w\" sizes=\"(max-width: 497px) 100vw, 497px\" \/><\/figure><\/div>\n\n\n\n<p>El Curso Internacional El enfoque de G\u00e9nero desde la Gobernanza Territorial <strong>\u00abLiderando en clave de Igualdad\u00bb,<\/strong> trabajar\u00e1 a trav\u00e9s de sesiones virtuales, contenidos introductorios vinculados a la necesidad de avanzar a la igualdad de g\u00e9nero desde la \u00f3ptica local y desde la compresi\u00f3n de los cambios urgentes que deben considerarse para la inclusi\u00f3n de la mitad de la poblaci\u00f3n y del talento y aporte de las mujeres.<\/p>\n\n\n\n<p>Posteriormente se desarrollar\u00e1 una fase presencial que a modo de <strong>Misi\u00f3n T\u00e9cnica Internacional (22 al 26 de junio)<\/strong> permitir\u00e1 aterrizar el aprendizaje y presentar experiencias exitosas en materia de pol\u00edticas de igualdad que han sido implementadas en Andaluc\u00eda (Espa\u00f1a) y que servir\u00e1n de modelos adaptables y transferibles a las realidades del alumnado.<\/p>\n\n\n\n<p>Finalmente, el Curso Internacional finalizar\u00e1 con clases online que ampliar\u00e1n la mirada y abordar\u00e1n el tema de la Gobernanza Territorial desde la planificaci\u00f3n estrat\u00e9gica de los territorios y desde la necesaria articulaci\u00f3n intersectorial p\u00fablico privada<\/p>\n\n\n\n<h4 class=\"wp-block-heading\">Son objetivos del programa:<\/h4>\n\n\n\n<p>\u2022 Promover la reflexi\u00f3n sobre la dimensi\u00f3n hol\u00edstica de la perspectiva de g\u00e9nero, promoviendo el reconocimiento de las desigualdades latentes entre hombres y mujeres, su g\u00e9nesis y los desaf\u00edos pendientes.<\/p>\n\n\n\n<p>\u2022 Fomentar la incorporaci\u00f3n del enfoque de g\u00e9nero en las agendas p\u00fablicas locales mediante la concienciaci\u00f3n y el compromiso para con la equidad.<\/p>\n\n\n\n<p>\u2022 Mejorar la capacidad de pol\u00edticos\/as, t\u00e9cnicos\/as y sociedad civil organizada en el manejo de intervenciones especiales orientadas a la equidad y a la transversalidad de g\u00e9nero al dise\u00f1ar, implementar y supervisar las pol\u00edticas p\u00fablicas locales.<\/p>\n\n\n\n<p>\u2022 Trabajar las pol\u00edticas p\u00fablicas de g\u00e9nero desde la Gobernanza Territorial<\/p>\n\n\n\n<p><strong><a href=\"https:\/\/pga.uimunicipalistas.org\/catalogo\/443\" target=\"_blank\" rel=\"noreferrer noopener\" aria-label=\"M\u00e1s informaci\u00f3n aqui (se abre en una nueva pesta\u00f1a)\">M\u00e1s informaci\u00f3n aqui<\/a><\/strong><\/p>\n","protected":false},"excerpt":{"rendered":"<p>El Curso Internacional El enfoque de G\u00e9nero desde la Gobernanza Territorial \u00abLiderando en clave de Igualdad\u00bb, trabajar\u00e1 a trav\u00e9s de sesiones virtuales, contenidos introductorios vinculados a la necesidad de avanzar a la igualdad de g\u00e9nero.<\/p>\n","protected":false},"author":10,"featured_media":6921,"comment_status":"closed","ping_status":"closed","sticky":false,"template":"","format":"standard","meta":{"_jetpack_memberships_contains_paid_content":false,"footnotes":"","jetpack_publicize_message":"Inscr\u00edbete al Curso Internacional de #UIM: El Enfoque de #G\u00e9nero Desde la Gobernanza Territorial \"Liderando en clave de Igualdad\"","jetpack_publicize_feature_enabled":true,"jetpack_social_post_already_shared":true,"jetpack_social_options":{"image_generator_settings":{"template":"highway","default_image_id":0,"font":"","enabled":false},"version":2}},"categories":[10],"tags":[569,514,43,581,203],"class_list":["post-6920","post","type-post","status-publish","format-standard","has-post-thumbnail","hentry","category-otros-cursos","tag-boletin-3-marzo-2020","tag-curso-internacional","tag-genero","tag-gobernanza-territorial","tag-uim","item-wrap"],"jetpack_publicize_connections":[],"jetpack_featured_media_url":"https:\/\/i0.wp.com\/cebem.org\/wp-content\/uploads\/2020\/03\/Zrzut-ekranu-2020-03-12-o-10.16.45.png?fit=796%2C796&ssl=1","jetpack_sharing_enabled":true,"_links":{"self":[{"href":"https:\/\/cebem.org\/index.php?rest_route=\/wp\/v2\/posts\/6920","targetHints":{"allow":["GET"]}}],"collection":[{"href":"https:\/\/cebem.org\/index.php?rest_route=\/wp\/v2\/posts"}],"about":[{"href":"https:\/\/cebem.org\/index.php?rest_route=\/wp\/v2\/types\/post"}],"author":[{"embeddable":true,"href":"https:\/\/cebem.org\/index.php?rest_route=\/wp\/v2\/users\/10"}],"replies":[{"embeddable":true,"href":"https:\/\/cebem.org\/index.php?rest_route=%2Fwp%2Fv2%2Fcomments&post=6920"}],"version-history":[{"count":1,"href":"https:\/\/cebem.org\/index.php?rest_route=\/wp\/v2\/posts\/6920\/revisions"}],"predecessor-version":[{"id":6922,"href":"https:\/\/cebem.org\/index.php?rest_route=\/wp\/v2\/posts\/6920\/revisions\/6922"}],"wp:featuredmedia":[{"embeddable":true,"href":"https:\/\/cebem.org\/index.php?rest_route=\/wp\/v2\/media\/6921"}],"wp:attachment":[{"href":"https:\/\/cebem.org\/index.php?rest_route=%2Fwp%2Fv2%2Fmedia&parent=6920"}],"wp:term":[{"taxonomy":"category","embeddable":true,"href":"https:\/\/cebem.org\/index.php?rest_route=%2Fwp%2Fv2%2Fcategories&post=6920"},{"taxonomy":"post_tag","embeddable":true,"href":"https:\/\/cebem.org\/index.php?rest_route=%2Fwp%2Fv2%2Ftags&post=6920"}],"curies":[{"name":"wp","href":"https:\/\/api.w.org\/{rel}","templated":true}]}}