
{"id":6891,"date":"2020-03-06T10:11:57","date_gmt":"2020-03-06T14:11:57","guid":{"rendered":"https:\/\/cebem.org\/?p=6891"},"modified":"2020-03-06T10:11:59","modified_gmt":"2020-03-06T14:11:59","slug":"becas-uim-de-estancia-para-investigadores-as","status":"publish","type":"post","link":"https:\/\/cebem.org\/?p=6891","title":{"rendered":"Becas UIM de estancia para investigadores\/as"},"content":{"rendered":"\n<figure class=\"wp-block-image size-large\"><img data-recalc-dims=\"1\" fetchpriority=\"high\" decoding=\"async\" width=\"750\" height=\"264\" src=\"https:\/\/i0.wp.com\/cebem.org\/wp-content\/uploads\/2020\/03\/Zrzut-ekranu-2020-03-6-o-10.00.53.png?resize=750%2C264&#038;ssl=1\" alt=\"\" class=\"wp-image-6892\" srcset=\"https:\/\/i0.wp.com\/cebem.org\/wp-content\/uploads\/2020\/03\/Zrzut-ekranu-2020-03-6-o-10.00.53.png?resize=1024%2C361&amp;ssl=1 1024w, https:\/\/i0.wp.com\/cebem.org\/wp-content\/uploads\/2020\/03\/Zrzut-ekranu-2020-03-6-o-10.00.53.png?resize=300%2C106&amp;ssl=1 300w, https:\/\/i0.wp.com\/cebem.org\/wp-content\/uploads\/2020\/03\/Zrzut-ekranu-2020-03-6-o-10.00.53.png?resize=768%2C271&amp;ssl=1 768w, https:\/\/i0.wp.com\/cebem.org\/wp-content\/uploads\/2020\/03\/Zrzut-ekranu-2020-03-6-o-10.00.53.png?resize=600%2C212&amp;ssl=1 600w, https:\/\/i0.wp.com\/cebem.org\/wp-content\/uploads\/2020\/03\/Zrzut-ekranu-2020-03-6-o-10.00.53.png?resize=1536%2C542&amp;ssl=1 1536w, https:\/\/i0.wp.com\/cebem.org\/wp-content\/uploads\/2020\/03\/Zrzut-ekranu-2020-03-6-o-10.00.53.png?resize=1320%2C466&amp;ssl=1 1320w, https:\/\/i0.wp.com\/cebem.org\/wp-content\/uploads\/2020\/03\/Zrzut-ekranu-2020-03-6-o-10.00.53.png?w=1792&amp;ssl=1 1792w\" sizes=\"(max-width: 750px) 100vw, 750px\" \/><\/figure>\n\n\n\n<p>Como cada a\u00f1o, la Uni\u00f3n Iberoamericana de Municipalistas (UIM), a trav\u00e9s de su Instituto de Investigaci\u00f3n Urbano Territorial (IUT), presenta su programa de\u00a0Becas de Movilidad Internacional\u00a0enmarcado en el trabajo conjunto con sus centros asociados.<\/p>\n\n\n\n<p>De esta forma, las personas interesadas en realizar investigaciones y trabajos relacionados a temas de fortalecimiento local, gesti\u00f3n p\u00fablica, municipios y gobiernos, entre otros temas a fines, podr\u00e1n presentar sus candidaturas seleccionando como lugar de destino para la investigaci\u00f3n alguna de estas tres opciones:<\/p>\n\n\n\n<p><strong>Uni\u00f3n\u00a0\u00a0 \u00a0Iberoamericana\u00a0\u00a0 \u00a0de\u00a0\u00a0 \u00a0Municipalistas &#8211; Granada &#8211; Espa\u00f1a<br>Universidad\u00a0\u00a0 \u00a0Nacional\u00a0\u00a0 \u00a0de\u00a0\u00a0 \u00a0Quilmes &#8211; Argentina<br>Universidad\u00a0\u00a0 \u00a0de\u00a0\u00a0 \u00a0Santiago\u00a0\u00a0 \u00a0de\u00a0\u00a0 \u00a0Cali &#8211; Colombia<\/strong><\/p>\n\n\n\n<p><strong>\u00bfQui\u00e9nes pueden postular?<\/strong><\/p>\n\n\n\n<p>Las ayudas est\u00e1n destinadas a\u00a0personas investigadoras vinculadas\u00a0a\u00a0universidades iberoamericanas\u00a0y\u00a0europeas,\u00a0como\u00a0as\u00ed\u00a0 tambi\u00e9n a\u00a0profesionales\u00a0de\u00a0la\u00a0Administraci\u00f3n Local\u00a0\u00a0(autoridades\u00a0\u00a0y\u00a0 t\u00e9cnicos\/as)\u00a0que\u00a0\u00a0 \u00a0est\u00e9n\u00a0finalizando\u00a0o\u00a0hayan\u00a0culminado\u00a0un\u00a0trabajo de investigaci\u00f3n y\u00a0deseen\u00a0\u00a0 \u00a0profundizarlo\u00a0mediante\u00a0estudios comparados.\u00a0\u00a0<\/p>\n\n\n\n<p><strong>SU ESTANCIA EN EL CENTRO DE INVESTIGACI\u00d3N SELECCIONADO PUEDE DURAR ENTRE UNO Y CUATRO MESES<\/strong><\/p>\n\n\n\n<p>Si necesitas ayuda, escribe a\u00a0<a href=\"mailto:becasiut@uimunicipalistas.org?subject=Requiero%20informaci%C3%B3n%20sobre%20Becas%20de%20Movilidad&amp;body=Agradezco%20m%C3%A1s%20informaci%C3%B3n%20\">becasiut@uimunicipalistas.org<\/a><\/p>\n\n\n\n<p><strong>Para mayor informaci\u00f3n <a href=\"https:\/\/www.uimunicipalistas.org\/media\/uploads\/2020\/01\/17\/convocatoriabecas1920uim.pdf\" target=\"_blank\" rel=\"noreferrer noopener\" aria-label=\"haga clic aqu\u00ed (se abre en una nueva pesta\u00f1a)\">haga clic aqu\u00ed<\/a> <\/strong><\/p>\n","protected":false},"excerpt":{"rendered":"<p>Como cada a\u00f1o, la Uni\u00f3n Iberoamericana de Municipalistas, a trav\u00e9s de su Instituto de Investigaci\u00f3n Urbano Territorial, presenta su programa de Becas de Movilidad Internacional enmarcado en el trabajo conjunto con sus centros asociados.<\/p>\n","protected":false},"author":10,"featured_media":6892,"comment_status":"closed","ping_status":"closed","sticky":false,"template":"","format":"standard","meta":{"_jetpack_memberships_contains_paid_content":false,"footnotes":"","jetpack_publicize_message":"Convocatoria abierta para postular a estancias en Espa\u00f1a, Argentina y Colombia - las postulaciones podr\u00e1n realizarse hasta el d\u00eda 29 de marzo de 2020  #becas #UIM ","jetpack_publicize_feature_enabled":true,"jetpack_social_post_already_shared":true,"jetpack_social_options":{"image_generator_settings":{"template":"highway","default_image_id":0,"font":"","enabled":false},"version":2}},"categories":[8],"tags":[20,233,203],"class_list":["post-6891","post","type-post","status-publish","format-standard","has-post-thumbnail","hentry","category-convocatorias","tag-becas","tag-investigacion","tag-uim","item-wrap"],"jetpack_publicize_connections":[],"jetpack_featured_media_url":"https:\/\/i0.wp.com\/cebem.org\/wp-content\/uploads\/2020\/03\/Zrzut-ekranu-2020-03-6-o-10.00.53.png?fit=1792%2C632&ssl=1","jetpack_sharing_enabled":true,"_links":{"self":[{"href":"https:\/\/cebem.org\/index.php?rest_route=\/wp\/v2\/posts\/6891","targetHints":{"allow":["GET"]}}],"collection":[{"href":"https:\/\/cebem.org\/index.php?rest_route=\/wp\/v2\/posts"}],"about":[{"href":"https:\/\/cebem.org\/index.php?rest_route=\/wp\/v2\/types\/post"}],"author":[{"embeddable":true,"href":"https:\/\/cebem.org\/index.php?rest_route=\/wp\/v2\/users\/10"}],"replies":[{"embeddable":true,"href":"https:\/\/cebem.org\/index.php?rest_route=%2Fwp%2Fv2%2Fcomments&post=6891"}],"version-history":[{"count":1,"href":"https:\/\/cebem.org\/index.php?rest_route=\/wp\/v2\/posts\/6891\/revisions"}],"predecessor-version":[{"id":6893,"href":"https:\/\/cebem.org\/index.php?rest_route=\/wp\/v2\/posts\/6891\/revisions\/6893"}],"wp:featuredmedia":[{"embeddable":true,"href":"https:\/\/cebem.org\/index.php?rest_route=\/wp\/v2\/media\/6892"}],"wp:attachment":[{"href":"https:\/\/cebem.org\/index.php?rest_route=%2Fwp%2Fv2%2Fmedia&parent=6891"}],"wp:term":[{"taxonomy":"category","embeddable":true,"href":"https:\/\/cebem.org\/index.php?rest_route=%2Fwp%2Fv2%2Fcategories&post=6891"},{"taxonomy":"post_tag","embeddable":true,"href":"https:\/\/cebem.org\/index.php?rest_route=%2Fwp%2Fv2%2Ftags&post=6891"}],"curies":[{"name":"wp","href":"https:\/\/api.w.org\/{rel}","templated":true}]}}