
{"id":6861,"date":"2020-03-02T12:15:41","date_gmt":"2020-03-02T16:15:41","guid":{"rendered":"https:\/\/cebem.org\/?p=6861"},"modified":"2020-03-02T12:15:43","modified_gmt":"2020-03-02T16:15:43","slug":"sudamerica-rural-ipdrs-boletin-no-251","status":"publish","type":"post","link":"https:\/\/cebem.org\/?p=6861","title":{"rendered":"Sudam\u00e9rica Rural &#8211; IPDRS &#8211; Bolet\u00edn N\u00ba 251"},"content":{"rendered":"\n<div class=\"wp-block-image\"><figure class=\"aligncenter size-large\"><img data-recalc-dims=\"1\" fetchpriority=\"high\" decoding=\"async\" width=\"750\" height=\"423\" src=\"https:\/\/i0.wp.com\/cebem.org\/wp-content\/uploads\/2020\/03\/Capture-1.png?resize=750%2C423&#038;ssl=1\" alt=\"\" class=\"wp-image-6862\" srcset=\"https:\/\/i0.wp.com\/cebem.org\/wp-content\/uploads\/2020\/03\/Capture-1.png?w=793&amp;ssl=1 793w, https:\/\/i0.wp.com\/cebem.org\/wp-content\/uploads\/2020\/03\/Capture-1.png?resize=300%2C169&amp;ssl=1 300w, https:\/\/i0.wp.com\/cebem.org\/wp-content\/uploads\/2020\/03\/Capture-1.png?resize=768%2C433&amp;ssl=1 768w, https:\/\/i0.wp.com\/cebem.org\/wp-content\/uploads\/2020\/03\/Capture-1.png?resize=600%2C338&amp;ssl=1 600w\" sizes=\"(max-width: 750px) 100vw, 750px\" \/><\/figure><\/div>\n\n\n\n<p>El Instituto para el Desarrollo Rural de Sudam\u00e9rica (<a href=\"https:\/\/ipdrs.org\/\" target=\"_blank\" rel=\"noreferrer noopener\" aria-label=\"IPDRS (se abre en una nueva pesta\u00f1a)\">IPDRS<\/a>) es una iniciativa de la sociedad civil que naci\u00f3 en el a\u00f1o 2009 para promover enlaces, sinergias y acciones de <strong>desarrollo rural de base campesina ind\u00edgena en la regi\u00f3n sudamericana<\/strong>.<\/p>\n\n\n\n<p>El IPDRS ejecuta proyectos, realiza consultor\u00edas y evaluaciones y gestiona servicios de fortalecimiento de capacidades de desarrollo rural en Sudam\u00e9rica a trav\u00e9s de las l\u00edneas de: INVESTIGACI\u00d3N-ACCI\u00d3N, COMUNICACI\u00d3N e INTERAPRENDIZAJE.<\/p>\n\n\n\n<p>Les invitamos a leer el<strong> bolet\u00edn N\u00ba 251<\/strong>, donde pueden averiguar, entre otros, sobre la violencia contra ind\u00edgenas y activistas en Colombia, la serie de investigaciones en periodismo ambiental y el desastre de Brumadihno en Brasil.<\/p>\n\n\n\n<p><a href=\"https:\/\/www.sudamericarural.org\/index.php\/nuestra-produccion\/boletin-apuntes\/listid-1\/mailid-222-bolsonaro-perseguicao-exploracao-e-extrativismo-nos-territorios-e-povos-indigenas-do-brasil-boletin-n-251\" target=\"_blank\" rel=\"noreferrer noopener\" aria-label=\"Ver el bolet\u00edn aqu\u00ed (se abre en una nueva pesta\u00f1a)\">Ver el bolet\u00edn aqu\u00ed<\/a><\/p>\n","protected":false},"excerpt":{"rendered":"<p>Les invitamos a leer el bolet\u00edn N\u00ba 251, donde pueden averiguar, entre otros, sobre la violencia contra ind\u00edgenas y activistas en Colombia, la serie de investigaciones en periodismo ambiental y el desastre de Brumadihno en Brasil.<\/p>\n","protected":false},"author":10,"featured_media":6862,"comment_status":"closed","ping_status":"closed","sticky":false,"template":"","format":"standard","meta":{"_jetpack_memberships_contains_paid_content":false,"footnotes":"","jetpack_publicize_message":"","jetpack_publicize_feature_enabled":true,"jetpack_social_post_already_shared":true,"jetpack_social_options":{"image_generator_settings":{"template":"highway","default_image_id":0,"font":"","enabled":false},"version":2}},"categories":[5],"tags":[569,571,572,570],"class_list":["post-6861","post","type-post","status-publish","format-standard","has-post-thumbnail","hentry","category-boletin","tag-boletin-3-marzo-2020","tag-desarollo-rural","tag-indigena","tag-ipdrs","item-wrap"],"jetpack_publicize_connections":[],"jetpack_featured_media_url":"https:\/\/i0.wp.com\/cebem.org\/wp-content\/uploads\/2020\/03\/Capture-1.png?fit=793%2C447&ssl=1","jetpack_sharing_enabled":true,"_links":{"self":[{"href":"https:\/\/cebem.org\/index.php?rest_route=\/wp\/v2\/posts\/6861","targetHints":{"allow":["GET"]}}],"collection":[{"href":"https:\/\/cebem.org\/index.php?rest_route=\/wp\/v2\/posts"}],"about":[{"href":"https:\/\/cebem.org\/index.php?rest_route=\/wp\/v2\/types\/post"}],"author":[{"embeddable":true,"href":"https:\/\/cebem.org\/index.php?rest_route=\/wp\/v2\/users\/10"}],"replies":[{"embeddable":true,"href":"https:\/\/cebem.org\/index.php?rest_route=%2Fwp%2Fv2%2Fcomments&post=6861"}],"version-history":[{"count":1,"href":"https:\/\/cebem.org\/index.php?rest_route=\/wp\/v2\/posts\/6861\/revisions"}],"predecessor-version":[{"id":6863,"href":"https:\/\/cebem.org\/index.php?rest_route=\/wp\/v2\/posts\/6861\/revisions\/6863"}],"wp:featuredmedia":[{"embeddable":true,"href":"https:\/\/cebem.org\/index.php?rest_route=\/wp\/v2\/media\/6862"}],"wp:attachment":[{"href":"https:\/\/cebem.org\/index.php?rest_route=%2Fwp%2Fv2%2Fmedia&parent=6861"}],"wp:term":[{"taxonomy":"category","embeddable":true,"href":"https:\/\/cebem.org\/index.php?rest_route=%2Fwp%2Fv2%2Fcategories&post=6861"},{"taxonomy":"post_tag","embeddable":true,"href":"https:\/\/cebem.org\/index.php?rest_route=%2Fwp%2Fv2%2Ftags&post=6861"}],"curies":[{"name":"wp","href":"https:\/\/api.w.org\/{rel}","templated":true}]}}