
{"id":6835,"date":"2020-02-26T11:16:50","date_gmt":"2020-02-26T15:16:50","guid":{"rendered":"https:\/\/cebem.org\/?p=6835"},"modified":"2020-02-26T11:36:54","modified_gmt":"2020-02-26T15:36:54","slug":"convocatoria-1o-encuentro-nacional-de-micro-y-pequenas-empresas-en-agroindustria-y-alimentos","status":"publish","type":"post","link":"https:\/\/cebem.org\/?p=6835","title":{"rendered":"Convocatoria: 1\u00ba Encuentro Nacional de Micro y Peque\u00f1as Empresas en Agroindustria y Alimentos"},"content":{"rendered":"\n<p class=\"has-text-align-center\"><strong>\u201cHonestidad, Transparencia, Producci\u00f3n y Trabajo\u201d<\/strong><\/p>\n\n\n\n<div class=\"wp-block-image\"><figure class=\"aligncenter size-large\"><img data-recalc-dims=\"1\" fetchpriority=\"high\" decoding=\"async\" width=\"750\" height=\"351\" src=\"https:\/\/i0.wp.com\/cebem.org\/wp-content\/uploads\/2020\/02\/convocatoria-pyme-marzo.jpg?resize=750%2C351&#038;ssl=1\" alt=\"\" class=\"wp-image-6836\" srcset=\"https:\/\/i0.wp.com\/cebem.org\/wp-content\/uploads\/2020\/02\/convocatoria-pyme-marzo.jpg?resize=1024%2C479&amp;ssl=1 1024w, https:\/\/i0.wp.com\/cebem.org\/wp-content\/uploads\/2020\/02\/convocatoria-pyme-marzo.jpg?resize=300%2C140&amp;ssl=1 300w, https:\/\/i0.wp.com\/cebem.org\/wp-content\/uploads\/2020\/02\/convocatoria-pyme-marzo.jpg?resize=768%2C359&amp;ssl=1 768w, https:\/\/i0.wp.com\/cebem.org\/wp-content\/uploads\/2020\/02\/convocatoria-pyme-marzo.jpg?resize=600%2C281&amp;ssl=1 600w, https:\/\/i0.wp.com\/cebem.org\/wp-content\/uploads\/2020\/02\/convocatoria-pyme-marzo.jpg?resize=1536%2C719&amp;ssl=1 1536w, https:\/\/i0.wp.com\/cebem.org\/wp-content\/uploads\/2020\/02\/convocatoria-pyme-marzo.jpg?resize=1320%2C618&amp;ssl=1 1320w, https:\/\/i0.wp.com\/cebem.org\/wp-content\/uploads\/2020\/02\/convocatoria-pyme-marzo.jpg?w=1613&amp;ssl=1 1613w\" sizes=\"(max-width: 750px) 100vw, 750px\" \/><\/figure><\/div>\n\n\n\n<p>El Ministerio de Desarrollo Productivo y Econom\u00eda Plural, a\ntrav\u00e9s del Viceministerio de la Micro y Peque\u00f1a Empresa y en coordinaci\u00f3n con\nel Gobierno Aut\u00f3nomo Municipal de Santa Cruz, el Gobierno Aut\u00f3nomo\nDepartamental de Santa Cruz, la Universidad Aut\u00f3noma Gabriel Rene Moreno,\nCONACIA, SEDEMA y la CORMYPE tienen el agrado de invitarle a participar del <strong>1\u00ba\nENCUENTRO NACIONAL DE MICRO Y PEQUE\u00d1AS EMPRESAS EN LA INDUSTRIA DE ALIMENTOS, <\/strong>evento\nque se realizar\u00e1 en la ciudad de Santa Cruz los d\u00edas 6 y 7 de marzo del a\u00f1o en\ncurso. <\/p>\n\n\n\n<p><strong>LUGAR <\/strong><\/p>\n\n\n\n<p>Este evento se realizar\u00e1 en el Auditorio de la Facultad de\nAuditor\u00eda Financiera o Contadur\u00eda P\u00fablica de la Universidad Aut\u00f3noma Gabriel\nRene Moreno. <\/p>\n\n\n\n<p><strong>PARTICIPANTES <\/strong><\/p>\n\n\n\n<p>Podr\u00e1n participar en esta convocatoria un cupo m\u00e1ximo de 15\nproductores dedicados a la industria alimenticia de cada departamento del pa\u00eds.\n<\/p>\n\n\n\n<p>Los productores deber\u00e1n tomar en cuenta los siguientes\nrequisitos para la participaci\u00f3n: <\/p>\n\n\n\n<ul class=\"wp-block-list\"><li>Productos 100% Hechos en Bolivia. <\/li><li>El comit\u00e9 organizador cubrir\u00e1 un 50% de los\npasajes para el traslado de los productores del interior a la ciudad de Santa\nCruz, el saldo deber\u00e1 ser cubierto por el productor. Los fondos del 50% ser\u00e1n\nreembolsados en la ciudad de Santa Cruz. <\/li><li>Llenar el formulario de inscripci\u00f3n y\nparticipaci\u00f3n del evento. Este formulario debe ser remitido a la CORMYPE. <\/li><li>Contar con productos de muestra y degustaci\u00f3n. <\/li><\/ul>\n\n\n\n<p><strong>CARACTER\u00cdSTICAS DEL EVENTO <\/strong><\/p>\n\n\n\n<ul class=\"wp-block-list\"><li>Talleres de capacitaci\u00f3n en Registro Sanitario,\nMateria prima y procesos, Impuestos Nacionales, ASFI, Aduana, FUNDEMPRESA, Ley\n947 y Ley 1257, Nutrici\u00f3n y Salud, Exportaciones, entre otros. <\/li><li>Mesas de trabajo p\u00fabico privadas bajo tres\nlineamientos: Normativa, Interrelaci\u00f3n Comercial y Producci\u00f3n. <\/li><li>Espacios de exhibici\u00f3n y degustaci\u00f3n de\nproductos. <\/li><\/ul>\n\n\n\n<p><strong>HORARIOS <\/strong><\/p>\n\n\n\n<p>El evento se realizar\u00e1 el d\u00eda 6 de marzo de horas 14:30 a\n20:30 y el d\u00eda 7 de marzo de horas 8:00 a 14:30 tomando en cuenta los horarios\npara el traslado entre las diferentes ciudades. <\/p>\n\n\n\n<p><strong>CONTACTO: <\/strong><\/p>\n\n\n\n<p>Para mayores informes contactarse al tel\u00e9fono m\u00f3vil\n(79465213) Lihetzer Zenteno Cuellar<\/p>\n\n\n\n<p><strong>Entrevista:<\/strong><\/p>\n\n\n\n<figure class=\"wp-block-embed aligncenter\"><div class=\"wp-block-embed__wrapper\">\n<div class=\"fb-video\" data-allowfullscreen=\"true\" data-href=\"https:\/\/www.facebook.com\/somosboliviabtv\/videos\/112579226849581\/\" style=\"background-color: #fff; display: inline-block;\"><\/div>\n<\/div><\/figure>\n","protected":false},"excerpt":{"rendered":"<p>El evento se realizar\u00e1 en la ciudad de Santa Cruz los d\u00edas 6 y 7 de marzo del a\u00f1o en curso.<\/p>\n","protected":false},"author":2,"featured_media":6836,"comment_status":"closed","ping_status":"closed","sticky":false,"template":"","format":"standard","meta":{"_jetpack_memberships_contains_paid_content":false,"footnotes":"","jetpack_publicize_message":"#Convocatoria: 1\u00ba Encuentro Nacional de Micro y Peque\u00f1as Empresas en Agroindustria y Alimentos\n\n6 y 7 de marzo, #SantaCruz #Bolivia","jetpack_publicize_feature_enabled":true,"jetpack_social_post_already_shared":true,"jetpack_social_options":{"image_generator_settings":{"template":"highway","default_image_id":0,"font":"","enabled":false},"version":2}},"categories":[8],"tags":[529,35,562],"class_list":["post-6835","post","type-post","status-publish","format-standard","has-post-thumbnail","hentry","category-convocatorias","tag-boletin-2-febrero-2020","tag-bolivia","tag-pyme","item-wrap"],"jetpack_publicize_connections":[],"jetpack_featured_media_url":"https:\/\/i0.wp.com\/cebem.org\/wp-content\/uploads\/2020\/02\/convocatoria-pyme-marzo.jpg?fit=1613%2C755&ssl=1","jetpack_sharing_enabled":true,"_links":{"self":[{"href":"https:\/\/cebem.org\/index.php?rest_route=\/wp\/v2\/posts\/6835","targetHints":{"allow":["GET"]}}],"collection":[{"href":"https:\/\/cebem.org\/index.php?rest_route=\/wp\/v2\/posts"}],"about":[{"href":"https:\/\/cebem.org\/index.php?rest_route=\/wp\/v2\/types\/post"}],"author":[{"embeddable":true,"href":"https:\/\/cebem.org\/index.php?rest_route=\/wp\/v2\/users\/2"}],"replies":[{"embeddable":true,"href":"https:\/\/cebem.org\/index.php?rest_route=%2Fwp%2Fv2%2Fcomments&post=6835"}],"version-history":[{"count":2,"href":"https:\/\/cebem.org\/index.php?rest_route=\/wp\/v2\/posts\/6835\/revisions"}],"predecessor-version":[{"id":6838,"href":"https:\/\/cebem.org\/index.php?rest_route=\/wp\/v2\/posts\/6835\/revisions\/6838"}],"wp:featuredmedia":[{"embeddable":true,"href":"https:\/\/cebem.org\/index.php?rest_route=\/wp\/v2\/media\/6836"}],"wp:attachment":[{"href":"https:\/\/cebem.org\/index.php?rest_route=%2Fwp%2Fv2%2Fmedia&parent=6835"}],"wp:term":[{"taxonomy":"category","embeddable":true,"href":"https:\/\/cebem.org\/index.php?rest_route=%2Fwp%2Fv2%2Fcategories&post=6835"},{"taxonomy":"post_tag","embeddable":true,"href":"https:\/\/cebem.org\/index.php?rest_route=%2Fwp%2Fv2%2Ftags&post=6835"}],"curies":[{"name":"wp","href":"https:\/\/api.w.org\/{rel}","templated":true}]}}