
{"id":6819,"date":"2020-02-28T11:00:00","date_gmt":"2020-02-28T15:00:00","guid":{"rendered":"https:\/\/cebem.org\/?p=6819"},"modified":"2020-02-20T16:23:32","modified_gmt":"2020-02-20T20:23:32","slug":"inscripciones-abiertas-educacion-imagenes-y-medios-en-la-cultura-digital","status":"publish","type":"post","link":"https:\/\/cebem.org\/?p=6819","title":{"rendered":"Inscripciones Abiertas &#8211; Educaci\u00f3n, Im\u00e1genes y Medios en la Cultura Digital"},"content":{"rendered":"\n<div class=\"wp-block-image\"><figure class=\"aligncenter size-large\"><img data-recalc-dims=\"1\" fetchpriority=\"high\" decoding=\"async\" width=\"659\" height=\"494\" src=\"https:\/\/i0.wp.com\/cebem.org\/wp-content\/uploads\/2020\/02\/Capture-18.png?resize=659%2C494&#038;ssl=1\" alt=\"\" class=\"wp-image-6820\" srcset=\"https:\/\/i0.wp.com\/cebem.org\/wp-content\/uploads\/2020\/02\/Capture-18.png?w=659&amp;ssl=1 659w, https:\/\/i0.wp.com\/cebem.org\/wp-content\/uploads\/2020\/02\/Capture-18.png?resize=300%2C225&amp;ssl=1 300w, https:\/\/i0.wp.com\/cebem.org\/wp-content\/uploads\/2020\/02\/Capture-18.png?resize=600%2C450&amp;ssl=1 600w\" sizes=\"(max-width: 659px) 100vw, 659px\" \/><\/figure><\/div>\n\n\n\n<h4 class=\"has-text-align-center wp-block-heading\"><strong>Per\u00edodo lectivo: abril a diciembre de 2020<\/strong><\/h4>\n\n\n\n<p class=\"has-text-align-center\"><em>Modalidad a distancia<\/em><\/p>\n\n\n\n<p>Uno de los fen\u00f3menos culturales m\u00e1s significativos de la segunda mitad del siglo XX, ha sido sin lugar a dudas la revoluci\u00f3n en las comunicaciones y su impacto tanto en el espacio social e institucional como en la vida privada de las personas. Desde entonces, el <strong>creciente predominio de las industrias culturales masivas y de las nuevas tecnolog\u00edas digitales<\/strong> en la producci\u00f3n, circulaci\u00f3n y consumo de los bienes simb\u00f3licos, han llevado a una <strong>inevitable transformaci\u00f3n (y crisis) de las culturas y de las identidades<\/strong>.<\/p>\n\n\n\n<p>En un contexto en el que la socializaci\u00f3n de <strong>la mayor\u00eda de los ni\u00f1os, ni\u00f1as y j\u00f3venes est\u00e1 estrechamente vinculada a las industrias culturales<\/strong> y, en particular, a los medios masivos de comunicaci\u00f3n, resulta indispensable actualizar las herramientas de an\u00e1lisis que contribuyan a la comprensi\u00f3n de sus nuevos patrones perceptivos y est\u00e9ticos y los consecuentes cambios en las modalidades de apropiaci\u00f3n simb\u00f3lica del mundo.<\/p>\n\n\n\n<p>Una pedagog\u00eda de la imagen no se restringe a incorporar a los medios audiovisuales como meros auxiliares para la tarea escolar. El problema es mucho m\u00e1s arduo que el de la simple incorporaci\u00f3n de equipamiento. Tampoco supone que la acci\u00f3n educativa se reduzca a \u201cdesmistificar\u201d los mecanismos de la seducci\u00f3n medi\u00e1tica. <strong>Una pedagog\u00eda de la imagen parte de reconocer que los medios conllevan ciertos lenguajes y formas culturales que le son propias, y nos introduce en la comprensi\u00f3n de sus reglas<\/strong>. Adem\u00e1s, nos obliga a preguntarnos por el poder de las im\u00e1genes en el mundo contempor\u00e1neo, indagando c\u00f3mo se producen socialmente visibilidades e invisibilidades. Las im\u00e1genes y los medios instalan nuevos problemas que hacen al v\u00ednculo de los sujetos con el mundo, y que involucran aspectos racionales pero tambi\u00e9n est\u00e9ticos y emocionales. La escuela ya no puede estar al margen de estas interrogaciones.<\/p>\n\n\n\n<h5 class=\"wp-block-heading\"><strong>Prop\u00f3sitos:<\/strong><\/h5>\n\n\n\n<ul class=\"wp-block-list\"><li>Impulsar una formaci\u00f3n de posgrado en el campo interdisciplinario que vincula la educaci\u00f3n con los medios de comunicaci\u00f3n y la producci\u00f3n, circulaci\u00f3n y consumo de im\u00e1genes. Se busca satisfacer las demandas de fortalecimiento del quehacer de los docentes y de las escuelas en un contexto de profundos cambios econ\u00f3micos, sociales, culturales y tecnol\u00f3gicos.<\/li><li>Recuperar los aportes de estudios e investigaciones que dan cuenta de los debates actuales sobre im\u00e1genes, medios y educaci\u00f3n, y poner estas contribuciones a disposici\u00f3n de los docentes latinoamericanos.<\/li><li>Superar los abordajes especializados, ofreciendo una mirada amplia y articulada del campo de la educaci\u00f3n y los medios.<\/li><li>Estimular la construcci\u00f3n de nuevos saberes y estrategias de intervenci\u00f3n en el \u00e1mbito de la educaci\u00f3n y los medios, frente a los cambios globales y a las particularidades propias de cada contexto.<\/li><\/ul>\n\n\n\n<p><strong>Descargar informaci\u00f3n detallada del curso\u00a0<a rel=\"noreferrer noopener\" href=\"https:\/\/www.flacso.org.ar\/wp-content\/uploads\/2013\/07\/Programa-Diploma-Educacion-Imagenes-y-Medios-2020.pdf\" target=\"_blank\">aqu\u00ed<\/a><\/strong><\/p>\n","protected":false},"excerpt":{"rendered":"<p>Una pedagog\u00eda de la imagen parte de reconocer que los medios conllevan ciertos lenguajes y formas culturales que le son propias, y nos introduce e.n la comprensi\u00f3n de sus reglas<\/p>\n","protected":false},"author":10,"featured_media":6820,"comment_status":"closed","ping_status":"closed","sticky":false,"template":"","format":"standard","meta":{"_jetpack_memberships_contains_paid_content":false,"footnotes":"","jetpack_publicize_message":"Inscripciones Abiertas - #Educaci\u00f3n, Im\u00e1genes y Medios en la #CulturaDigital","jetpack_publicize_feature_enabled":true,"jetpack_social_post_already_shared":true,"jetpack_social_options":{"image_generator_settings":{"template":"highway","default_image_id":0,"font":"","enabled":false},"version":2}},"categories":[10],"tags":[529,560,180,409,342],"class_list":["post-6819","post","type-post","status-publish","format-standard","has-post-thumbnail","hentry","category-otros-cursos","tag-boletin-2-febrero-2020","tag-diploma","tag-educacion","tag-flacso-argentina","tag-medios","item-wrap"],"jetpack_publicize_connections":[],"jetpack_featured_media_url":"https:\/\/i0.wp.com\/cebem.org\/wp-content\/uploads\/2020\/02\/Capture-18.png?fit=659%2C494&ssl=1","jetpack_sharing_enabled":true,"_links":{"self":[{"href":"https:\/\/cebem.org\/index.php?rest_route=\/wp\/v2\/posts\/6819","targetHints":{"allow":["GET"]}}],"collection":[{"href":"https:\/\/cebem.org\/index.php?rest_route=\/wp\/v2\/posts"}],"about":[{"href":"https:\/\/cebem.org\/index.php?rest_route=\/wp\/v2\/types\/post"}],"author":[{"embeddable":true,"href":"https:\/\/cebem.org\/index.php?rest_route=\/wp\/v2\/users\/10"}],"replies":[{"embeddable":true,"href":"https:\/\/cebem.org\/index.php?rest_route=%2Fwp%2Fv2%2Fcomments&post=6819"}],"version-history":[{"count":2,"href":"https:\/\/cebem.org\/index.php?rest_route=\/wp\/v2\/posts\/6819\/revisions"}],"predecessor-version":[{"id":6834,"href":"https:\/\/cebem.org\/index.php?rest_route=\/wp\/v2\/posts\/6819\/revisions\/6834"}],"wp:featuredmedia":[{"embeddable":true,"href":"https:\/\/cebem.org\/index.php?rest_route=\/wp\/v2\/media\/6820"}],"wp:attachment":[{"href":"https:\/\/cebem.org\/index.php?rest_route=%2Fwp%2Fv2%2Fmedia&parent=6819"}],"wp:term":[{"taxonomy":"category","embeddable":true,"href":"https:\/\/cebem.org\/index.php?rest_route=%2Fwp%2Fv2%2Fcategories&post=6819"},{"taxonomy":"post_tag","embeddable":true,"href":"https:\/\/cebem.org\/index.php?rest_route=%2Fwp%2Fv2%2Ftags&post=6819"}],"curies":[{"name":"wp","href":"https:\/\/api.w.org\/{rel}","templated":true}]}}