
{"id":6804,"date":"2020-02-21T16:00:00","date_gmt":"2020-02-21T20:00:00","guid":{"rendered":"https:\/\/cebem.org\/?p=6804"},"modified":"2020-02-20T10:20:30","modified_gmt":"2020-02-20T14:20:30","slug":"ii-curso-internacional-de-posgrado-de-cambio-climatico","status":"publish","type":"post","link":"https:\/\/cebem.org\/?p=6804","title":{"rendered":"II Curso Internacional de Posgrado de Cambio Clim\u00e1tico"},"content":{"rendered":"\n<div class=\"wp-block-image\"><figure class=\"aligncenter size-large is-resized\"><img data-recalc-dims=\"1\" fetchpriority=\"high\" decoding=\"async\" src=\"https:\/\/i0.wp.com\/cebem.org\/wp-content\/uploads\/2020\/02\/Capture-15.png?resize=588%2C319&#038;ssl=1\" alt=\"\" class=\"wp-image-6809\" width=\"588\" height=\"319\" srcset=\"https:\/\/i0.wp.com\/cebem.org\/wp-content\/uploads\/2020\/02\/Capture-15.png?w=621&amp;ssl=1 621w, https:\/\/i0.wp.com\/cebem.org\/wp-content\/uploads\/2020\/02\/Capture-15.png?resize=300%2C163&amp;ssl=1 300w, https:\/\/i0.wp.com\/cebem.org\/wp-content\/uploads\/2020\/02\/Capture-15.png?resize=600%2C326&amp;ssl=1 600w\" sizes=\"(max-width: 588px) 100vw, 588px\" \/><\/figure><\/div>\n\n\n\n<p class=\"has-text-align-center\"><\/p>\n\n\n\n<p class=\"has-text-align-center\"><strong>II Curso Internacional de Posgrado de Cambio Clim\u00e1tico<\/strong><\/p>\n\n\n\n<p class=\"has-text-align-center\"> <strong>bimestral a distancia del 10 de marzo al 1 de mayo de 2020<\/strong> <\/p>\n\n\n\n<p><strong>DIRIGIDO A<\/strong>: graduados universitarios (carreras de 4 o m\u00e1s a\u00f1os) interesados en la comprensi\u00f3n del principal problema humano en el siglo XXI y\/o en una capacitaci\u00f3n, especializaci\u00f3n o perfeccionamiento en metodolog\u00eda y pr\u00e1ctica de la Adaptaci\u00f3n y Mitigaci\u00f3n del Cambio Clim\u00e1tico en zonas urbanas y rurales con un enfoque interdisciplinario (ciencias b\u00e1sicas, aplicadas, sociales y humanas). Son especialmente bienvenidos los consultores ambientales que quieran incorporar variables del CC a los instrumentos de gesti\u00f3n ambiental. <\/p>\n\n\n\n<p><strong>PROGRAMA SINT\u00c9TICO:\u00a0<\/strong>Cambio Clim\u00e1tico, principal preblema mundial. Ciencias del clima, conceptos y definiciones. Proyecciones del CC en el siglo XXI. CC y Gesti\u00f3n Local. Casos de estudio: Bogot\u00e1, Cartagena de Indias, Barcelona, Esmeraldas (Ecuador) y Buenos Aires. Isla Urbana de Calor y CC. Econom\u00eda circular edilicia como mitigaci\u00f3n del CC. Adaptaci\u00f3n al CC en la agricultura. Estudio de caso: Mapas de riesgo h\u00eddrico en cultivos seg\u00fan escenarios del CC. Mitigaci\u00f3n del CC en el sector agropecuario. CC e inundaciones: planicies inundables. Cultivos bioenerg\u00e9ticos y CC. CCC y frontera agropecuaria: Argentina y Chile. Mitigaci\u00f3n del CC en el sector forestal. Geom\u00e1tica (tecnolog\u00eda geoespacial) aplicada a la adaptaci\u00f3n al CC. Escenarios futuros ante el CC. <\/p>\n\n\n\n<p><strong>MEDIAS BECAS<\/strong>: disponibles para becarios de doctorado o posdoctorado del CONICET o similares de universidades de cualquier pa\u00eds.<\/p>\n\n\n\n<p><strong>PROGRAMA ANAL\u00cdTICO Y DETALLES DEL CURSO:&nbsp;<\/strong><a href=\"https:\/\/www.fundabaires.org\/\" target=\"_blank\" rel=\"noreferrer noopener\">https:\/\/www.fundabaires.org<\/a><\/p>\n\n\n\n<p><strong>INSCRIPCI\u00d3N:\u00a0<\/strong>enviar muy breve presentaci\u00f3n a <a href=\"mailto:ambiente@fundabaires.org\">ambiente@fundabaires.org<\/a>\u00a0y se le enviar\u00e1 el formulario de inscripci\u00f3n.<\/p>\n\n\n\n<p><\/p>\n","protected":false},"excerpt":{"rendered":"<p>Fundaci\u00f3n de Estudios Avanzados de Buenos Aires invita al<br \/>\nII Curso Internacional de Posgrado de Cambio Clim\u00e1tico<br \/>\na distancia del 10 de marzo al 1 de mayo de 2020.<\/p>\n","protected":false},"author":10,"featured_media":6809,"comment_status":"closed","ping_status":"closed","sticky":false,"template":"","format":"standard","meta":{"_jetpack_memberships_contains_paid_content":false,"footnotes":"","jetpack_publicize_message":"Fundaci\u00f3n de Estudios Avanzados de Buenos Aires (#FUNDABAIRES) invita al II Curso Internacional de Posgrado de #CambioClim\u00e1tico","jetpack_publicize_feature_enabled":true,"jetpack_social_post_already_shared":true,"jetpack_social_options":{"image_generator_settings":{"template":"highway","default_image_id":0,"font":"","enabled":false},"version":2}},"categories":[10],"tags":[529,60,247,556],"class_list":["post-6804","post","type-post","status-publish","format-standard","has-post-thumbnail","hentry","category-otros-cursos","tag-boletin-2-febrero-2020","tag-cambio-climatico","tag-curso-virtual","tag-fundabaires","item-wrap"],"jetpack_publicize_connections":[],"jetpack_featured_media_url":"https:\/\/i0.wp.com\/cebem.org\/wp-content\/uploads\/2020\/02\/Capture-15.png?fit=621%2C337&ssl=1","jetpack_sharing_enabled":true,"_links":{"self":[{"href":"https:\/\/cebem.org\/index.php?rest_route=\/wp\/v2\/posts\/6804","targetHints":{"allow":["GET"]}}],"collection":[{"href":"https:\/\/cebem.org\/index.php?rest_route=\/wp\/v2\/posts"}],"about":[{"href":"https:\/\/cebem.org\/index.php?rest_route=\/wp\/v2\/types\/post"}],"author":[{"embeddable":true,"href":"https:\/\/cebem.org\/index.php?rest_route=\/wp\/v2\/users\/10"}],"replies":[{"embeddable":true,"href":"https:\/\/cebem.org\/index.php?rest_route=%2Fwp%2Fv2%2Fcomments&post=6804"}],"version-history":[{"count":2,"href":"https:\/\/cebem.org\/index.php?rest_route=\/wp\/v2\/posts\/6804\/revisions"}],"predecessor-version":[{"id":6811,"href":"https:\/\/cebem.org\/index.php?rest_route=\/wp\/v2\/posts\/6804\/revisions\/6811"}],"wp:featuredmedia":[{"embeddable":true,"href":"https:\/\/cebem.org\/index.php?rest_route=\/wp\/v2\/media\/6809"}],"wp:attachment":[{"href":"https:\/\/cebem.org\/index.php?rest_route=%2Fwp%2Fv2%2Fmedia&parent=6804"}],"wp:term":[{"taxonomy":"category","embeddable":true,"href":"https:\/\/cebem.org\/index.php?rest_route=%2Fwp%2Fv2%2Fcategories&post=6804"},{"taxonomy":"post_tag","embeddable":true,"href":"https:\/\/cebem.org\/index.php?rest_route=%2Fwp%2Fv2%2Ftags&post=6804"}],"curies":[{"name":"wp","href":"https:\/\/api.w.org\/{rel}","templated":true}]}}