
{"id":6801,"date":"2020-02-27T11:00:00","date_gmt":"2020-02-27T15:00:00","guid":{"rendered":"https:\/\/cebem.org\/?p=6801"},"modified":"2020-02-20T16:05:39","modified_gmt":"2020-02-20T20:05:39","slug":"inscripcion-maestria-y-especializacion-ciclo-2020","status":"publish","type":"post","link":"https:\/\/cebem.org\/?p=6801","title":{"rendered":"Inscripci\u00f3n Maestr\u00eda y Especializaci\u00f3n Ciclo 2020"},"content":{"rendered":"\n<div class=\"wp-block-image\"><figure class=\"aligncenter size-large\"><img data-recalc-dims=\"1\" fetchpriority=\"high\" decoding=\"async\" width=\"750\" height=\"329\" src=\"https:\/\/i0.wp.com\/cebem.org\/wp-content\/uploads\/2020\/02\/Zrzut-ekranu-2020-02-20-o-15.54.08.png?resize=750%2C329&#038;ssl=1\" alt=\"\" class=\"wp-image-6831\" srcset=\"https:\/\/i0.wp.com\/cebem.org\/wp-content\/uploads\/2020\/02\/Zrzut-ekranu-2020-02-20-o-15.54.08.png?resize=1024%2C449&amp;ssl=1 1024w, https:\/\/i0.wp.com\/cebem.org\/wp-content\/uploads\/2020\/02\/Zrzut-ekranu-2020-02-20-o-15.54.08.png?resize=300%2C131&amp;ssl=1 300w, https:\/\/i0.wp.com\/cebem.org\/wp-content\/uploads\/2020\/02\/Zrzut-ekranu-2020-02-20-o-15.54.08.png?resize=768%2C336&amp;ssl=1 768w, https:\/\/i0.wp.com\/cebem.org\/wp-content\/uploads\/2020\/02\/Zrzut-ekranu-2020-02-20-o-15.54.08.png?resize=600%2C263&amp;ssl=1 600w, https:\/\/i0.wp.com\/cebem.org\/wp-content\/uploads\/2020\/02\/Zrzut-ekranu-2020-02-20-o-15.54.08.png?w=1196&amp;ssl=1 1196w\" sizes=\"(max-width: 750px) 100vw, 750px\" \/><\/figure><\/div>\n\n\n\n<p>Les informamos que se encuentra abierta la inscripci\u00f3n para el ciclo lectivo 2020 de las carreras de Posgrado \u00ab<strong>Maestr\u00eda en Integraci\u00f3n Latinoamericana\u00bb y Especializaci\u00f3n en Pol\u00edticas de Integraci\u00f3n<\/strong>\u00bb de la Facultad de Ciencias Jur\u00eddicas y Sociales de la Universidad Nacional de La Plata \u2013UNLP. <\/p>\n\n\n\n<p>Creada en 1984 fue pionera en los estudios sobre integraci\u00f3n latinoamericana y caribe\u00f1a y desde entonces se ha desarrollado de manera ininterrumpida y reconocido su t\u00edtulo por el Ministerio de Educaci\u00f3n de la Naci\u00f3n. En la actualidad y con un plan de Estudios adaptado al nuevo contexto internacional y regional. Su objetivo general es el formar y entrenar recursos humanos capacit\u00e1ndolos para intervenir en los procesos de integraci\u00f3n, proporcionando los conocimientos te\u00f3ricos, t\u00e9cnicos, metodol\u00f3gicos y pr\u00e1cticos necesarios para la adquisici\u00f3n de habilidades en el an\u00e1lisis, dise\u00f1o, formulaci\u00f3n, gesti\u00f3n, evaluaci\u00f3n e implementaci\u00f3n de pol\u00edticas y estrategias de integraci\u00f3n.<\/p>\n\n\n\n<p><strong>Para mayor informaci\u00f3n:<\/strong><\/p>\n\n\n\n<p>Tel 54-221-421-3202\/423-6458\/644-2070\/90 int 203.<br>Email:\u00a0<a href=\"mailto:integra.unlp@gmail.com\">integra.unlp@gmail.com<\/a>\u00a0<br><a rel=\"noreferrer noopener\" href=\"http:\/\/www.iil.jursoc.unlp.edu.ar\/\" target=\"_blank\">www.iil.jursoc.unlp.edu.ar<\/a><\/p>\n\n\n\n<p><\/p>\n","protected":false},"excerpt":{"rendered":"<p>Les informamos que se encuentra abierta la inscripci\u00f3n para el ciclo lectivo 2020 de las carreras de Posgrado \u00abMaestr\u00eda en Integraci\u00f3n Latinoamericana\u00bb y Especializaci\u00f3n en Pol\u00edticas de Integraci\u00f3n\u00bb.<\/p>\n","protected":false},"author":10,"featured_media":6831,"comment_status":"closed","ping_status":"closed","sticky":false,"template":"","format":"standard","meta":{"_jetpack_memberships_contains_paid_content":false,"footnotes":"","jetpack_publicize_message":"Les informamos que se encuentra abierta la inscripci\u00f3n para el ciclo lectivo 2020 de las carreras de Posgrado \"Maestr\u00eda en #Integraci\u00f3n Latinoamericana\" y Especializaci\u00f3n en #Pol\u00edticas de Integraci\u00f3n\" de la Universidad Nacional de La Plata","jetpack_publicize_feature_enabled":true,"jetpack_social_post_already_shared":true,"jetpack_social_options":{"image_generator_settings":{"template":"highway","default_image_id":0,"font":"","enabled":false},"version":2}},"categories":[10],"tags":[529,277,46,559],"class_list":["post-6801","post","type-post","status-publish","format-standard","has-post-thumbnail","hentry","category-otros-cursos","tag-boletin-2-febrero-2020","tag-integracion","tag-maestria","tag-unlp","item-wrap"],"jetpack_publicize_connections":[],"jetpack_featured_media_url":"https:\/\/i0.wp.com\/cebem.org\/wp-content\/uploads\/2020\/02\/Zrzut-ekranu-2020-02-20-o-15.54.08.png?fit=1196%2C524&ssl=1","jetpack_sharing_enabled":true,"_links":{"self":[{"href":"https:\/\/cebem.org\/index.php?rest_route=\/wp\/v2\/posts\/6801","targetHints":{"allow":["GET"]}}],"collection":[{"href":"https:\/\/cebem.org\/index.php?rest_route=\/wp\/v2\/posts"}],"about":[{"href":"https:\/\/cebem.org\/index.php?rest_route=\/wp\/v2\/types\/post"}],"author":[{"embeddable":true,"href":"https:\/\/cebem.org\/index.php?rest_route=\/wp\/v2\/users\/10"}],"replies":[{"embeddable":true,"href":"https:\/\/cebem.org\/index.php?rest_route=%2Fwp%2Fv2%2Fcomments&post=6801"}],"version-history":[{"count":3,"href":"https:\/\/cebem.org\/index.php?rest_route=\/wp\/v2\/posts\/6801\/revisions"}],"predecessor-version":[{"id":6832,"href":"https:\/\/cebem.org\/index.php?rest_route=\/wp\/v2\/posts\/6801\/revisions\/6832"}],"wp:featuredmedia":[{"embeddable":true,"href":"https:\/\/cebem.org\/index.php?rest_route=\/wp\/v2\/media\/6831"}],"wp:attachment":[{"href":"https:\/\/cebem.org\/index.php?rest_route=%2Fwp%2Fv2%2Fmedia&parent=6801"}],"wp:term":[{"taxonomy":"category","embeddable":true,"href":"https:\/\/cebem.org\/index.php?rest_route=%2Fwp%2Fv2%2Fcategories&post=6801"},{"taxonomy":"post_tag","embeddable":true,"href":"https:\/\/cebem.org\/index.php?rest_route=%2Fwp%2Fv2%2Ftags&post=6801"}],"curies":[{"name":"wp","href":"https:\/\/api.w.org\/{rel}","templated":true}]}}