
{"id":6755,"date":"2020-02-17T10:14:56","date_gmt":"2020-02-17T14:14:56","guid":{"rendered":"https:\/\/cebem.org\/?p=6755"},"modified":"2020-02-17T10:16:43","modified_gmt":"2020-02-17T14:16:43","slug":"premios-latinoamerica-verde-2","status":"publish","type":"post","link":"https:\/\/cebem.org\/?p=6755","title":{"rendered":"Premios Latinoam\u00e9rica Verde"},"content":{"rendered":"\n<div class=\"wp-block-image\"><figure class=\"aligncenter size-large is-resized\"><img data-recalc-dims=\"1\" fetchpriority=\"high\" decoding=\"async\" src=\"https:\/\/i0.wp.com\/cebem.org\/wp-content\/uploads\/2020\/02\/Zrzut-ekranu-2020-02-17-o-10.03.50.png?resize=655%2C317&#038;ssl=1\" alt=\"\" class=\"wp-image-6756\" width=\"655\" height=\"317\" srcset=\"https:\/\/i0.wp.com\/cebem.org\/wp-content\/uploads\/2020\/02\/Zrzut-ekranu-2020-02-17-o-10.03.50.png?resize=1024%2C496&amp;ssl=1 1024w, https:\/\/i0.wp.com\/cebem.org\/wp-content\/uploads\/2020\/02\/Zrzut-ekranu-2020-02-17-o-10.03.50.png?resize=300%2C145&amp;ssl=1 300w, https:\/\/i0.wp.com\/cebem.org\/wp-content\/uploads\/2020\/02\/Zrzut-ekranu-2020-02-17-o-10.03.50.png?resize=768%2C372&amp;ssl=1 768w, https:\/\/i0.wp.com\/cebem.org\/wp-content\/uploads\/2020\/02\/Zrzut-ekranu-2020-02-17-o-10.03.50.png?resize=600%2C291&amp;ssl=1 600w, https:\/\/i0.wp.com\/cebem.org\/wp-content\/uploads\/2020\/02\/Zrzut-ekranu-2020-02-17-o-10.03.50.png?resize=1536%2C745&amp;ssl=1 1536w, https:\/\/i0.wp.com\/cebem.org\/wp-content\/uploads\/2020\/02\/Zrzut-ekranu-2020-02-17-o-10.03.50.png?resize=1320%2C640&amp;ssl=1 1320w, https:\/\/i0.wp.com\/cebem.org\/wp-content\/uploads\/2020\/02\/Zrzut-ekranu-2020-02-17-o-10.03.50.png?w=1848&amp;ssl=1 1848w\" sizes=\"(max-width: 655px) 100vw, 655px\" \/><\/figure><\/div>\n\n\n\n<p>Latinoam\u00e9rica, nuestra casa com\u00fan, cuenta con el 23% de bosques tropicales, el 31% de los recursos h\u00eddricos y el 70% de la biodiversidad del planeta. Sin embargo es la regi\u00f3n con mas crecimiento urbano donde el 80% de la poblaci\u00f3n vive en ciudades; causando presi\u00f3n sobre el ambiente y por eso enfrenta sobrepoblaci\u00f3n, deforestaci\u00f3n, perdida de biodiversidad, contaminaci\u00f3n de agua.<\/p>\n\n\n\n<p>Desde el 2013, 10.144 proyectos provenientes de 930 ciudades, de&nbsp;<strong>41<\/strong>&nbsp;pa\u00edses han sido parte de&nbsp;<strong>Premios Latinoam\u00e9rica Verde.<\/strong><\/p>\n\n\n\n<p>Creemos en el poder de las alianzas, es por esto que hemos creado una red en constante crecimiento que hoy se compone por 85 organizaciones que han permitido no s\u00f3lo ampliar el alcance en cada uno de los pa\u00edses, sino desarrollar comunidades formadas por ministerios, gobiernos locales, ONGs, organizaciones del sector privado y financiero, entre otras.<\/p>\n\n\n\n<p>Premios a los 500 mejores proyectos sociales y ambientales de la regi\u00f3n.<\/p>\n\n\n\n<p class=\"has-text-align-center\">Fecha l\u00edmite: <strong>15 de marzo de 2020<\/strong><\/p>\n\n\n\n<p>Buscamos ser la vitrina que dinamiza la econom\u00eda verde al exhibir las iniciativas regionales en 10 categor\u00edas que est\u00e1n alineadas con los <strong>Objetivos del Desarrollo Sostenible<\/strong> (ODS).<\/p>\n\n\n\n<p>Estas son: Agua, Bosques y Flora, Biodiversidad y Fauna, Desarrollo Humano, Inclusi\u00f3n Social y Reducci\u00f3n de Desigualdad, Energ\u00eda, Finanzas Sostenibles, Gesti\u00f3n Urbana, Manejo de Residuos S\u00f3lidos, Oc\u00e9anos y Producci\u00f3n y Consumo Responsable.<\/p>\n\n\n\n<p>En el 2019 superamos los 10.000 proyectos postulados de 950 ciudades de 41 pa\u00edses entre todas nuestras ediciones. La firma auditora PWC present\u00f3 el an\u00e1lisis de impacto de los Premios Latinoam\u00e9rica Verde en sus participantes donde se demuestra cifras relevantes como la generaci\u00f3n de m\u00e1s de 4000 fuentes nuevas de empleo, m\u00e1s de 1700 equipos de proyectos participantes capacitados y un 66% participantes que lograron generar conexiones efectivas. Hecho que se reflejan en nuestros participantes y en su b\u00fasqueda por una Latinoam\u00e9rica Verde. \u00a1<strong>Prep\u00e1rate para el 2020<\/strong>!<\/p>\n\n\n\n<p><a href=\"https:\/\/www.premioslatinoamericaverde.com\" target=\"_blank\" rel=\"noreferrer noopener\" aria-label=\"Para m\u00e1s informaci\u00f3n ver aqu\u00ed (se abre en una nueva pesta\u00f1a)\">Para m\u00e1s informaci\u00f3n ver aqu\u00ed<\/a><\/p>\n","protected":false},"excerpt":{"rendered":"<p>Desde el 2013, 10.144 proyectos provenientes de 930 ciudades, de 41 pa\u00edses han sido parte de Premios Latinoam\u00e9rica Verde. Premios a los 500 mejores proyectos sociales y ambientales de la regi\u00f3n.<\/p>\n","protected":false},"author":10,"featured_media":6756,"comment_status":"closed","ping_status":"closed","sticky":false,"template":"","format":"standard","meta":{"_jetpack_memberships_contains_paid_content":false,"footnotes":"","jetpack_publicize_message":"Ya est\u00e1s listo para registrar tu proyecto? Este es el momento perfecto para demostrarle al mundo que eres un agente de cambio que demuestra que #CambiarEsPosible Tienes 10 categor\u00edas en la que puedes participar hasta el 15 de marzo!  ","jetpack_publicize_feature_enabled":true,"jetpack_social_post_already_shared":true,"jetpack_social_options":{"image_generator_settings":{"template":"highway","default_image_id":0,"font":"","enabled":false},"version":2}},"categories":[8],"tags":[529,229,119,132],"class_list":["post-6755","post","type-post","status-publish","format-standard","has-post-thumbnail","hentry","category-convocatorias","tag-boletin-2-febrero-2020","tag-latinoamerica","tag-medio-ambiente","tag-premio","item-wrap"],"jetpack_publicize_connections":[],"jetpack_featured_media_url":"https:\/\/i0.wp.com\/cebem.org\/wp-content\/uploads\/2020\/02\/Zrzut-ekranu-2020-02-17-o-10.03.50.png?fit=1848%2C896&ssl=1","jetpack_sharing_enabled":true,"_links":{"self":[{"href":"https:\/\/cebem.org\/index.php?rest_route=\/wp\/v2\/posts\/6755","targetHints":{"allow":["GET"]}}],"collection":[{"href":"https:\/\/cebem.org\/index.php?rest_route=\/wp\/v2\/posts"}],"about":[{"href":"https:\/\/cebem.org\/index.php?rest_route=\/wp\/v2\/types\/post"}],"author":[{"embeddable":true,"href":"https:\/\/cebem.org\/index.php?rest_route=\/wp\/v2\/users\/10"}],"replies":[{"embeddable":true,"href":"https:\/\/cebem.org\/index.php?rest_route=%2Fwp%2Fv2%2Fcomments&post=6755"}],"version-history":[{"count":3,"href":"https:\/\/cebem.org\/index.php?rest_route=\/wp\/v2\/posts\/6755\/revisions"}],"predecessor-version":[{"id":6759,"href":"https:\/\/cebem.org\/index.php?rest_route=\/wp\/v2\/posts\/6755\/revisions\/6759"}],"wp:featuredmedia":[{"embeddable":true,"href":"https:\/\/cebem.org\/index.php?rest_route=\/wp\/v2\/media\/6756"}],"wp:attachment":[{"href":"https:\/\/cebem.org\/index.php?rest_route=%2Fwp%2Fv2%2Fmedia&parent=6755"}],"wp:term":[{"taxonomy":"category","embeddable":true,"href":"https:\/\/cebem.org\/index.php?rest_route=%2Fwp%2Fv2%2Fcategories&post=6755"},{"taxonomy":"post_tag","embeddable":true,"href":"https:\/\/cebem.org\/index.php?rest_route=%2Fwp%2Fv2%2Ftags&post=6755"}],"curies":[{"name":"wp","href":"https:\/\/api.w.org\/{rel}","templated":true}]}}