
{"id":6740,"date":"2020-02-13T15:00:00","date_gmt":"2020-02-13T19:00:00","guid":{"rendered":"https:\/\/cebem.org\/?p=6740"},"modified":"2020-02-13T10:59:34","modified_gmt":"2020-02-13T14:59:34","slug":"congreso-internacional-de-economia-a-celebrarse-en-la-universidad-de-la-habana","status":"publish","type":"post","link":"https:\/\/cebem.org\/?p=6740","title":{"rendered":"Congreso Internacional de Econom\u00eda a celebrarse en la Universidad de la Habana"},"content":{"rendered":"\n<div class=\"wp-block-image\"><figure class=\"aligncenter size-large\"><img data-recalc-dims=\"1\" fetchpriority=\"high\" decoding=\"async\" width=\"527\" height=\"228\" src=\"https:\/\/i0.wp.com\/cebem.org\/wp-content\/uploads\/2020\/02\/Capture-5.png?resize=527%2C228&#038;ssl=1\" alt=\"\" class=\"wp-image-6741\" srcset=\"https:\/\/i0.wp.com\/cebem.org\/wp-content\/uploads\/2020\/02\/Capture-5.png?w=527&amp;ssl=1 527w, https:\/\/i0.wp.com\/cebem.org\/wp-content\/uploads\/2020\/02\/Capture-5.png?resize=300%2C130&amp;ssl=1 300w\" sizes=\"(max-width: 527px) 100vw, 527px\" \/><\/figure><\/div>\n\n\n\n<p>La Universidad de La Habana convoca a:<\/p>\n\n\n\n<p class=\"has-text-align-center\"><strong>4to CONGRESO INTERNACIONAL DE ECONOM\u00cdA, CONTABILIDAD Y ADMINISTRACI\u00d3N<\/strong><\/p>\n\n\n\n<p>Esta vez dedicado al tema:<\/p>\n\n\n\n<p class=\"has-text-align-center\"><strong>TRANSFORMACI\u00d3N\nPRODUCTIVA, INCLUSI\u00d3N SOCIAL E INSERCI\u00d3N INTERNACIONAL<\/strong><strong><\/strong><\/p>\n\n\n\n<p>A celebrarse en La Habana, los d\u00edas 4 y 5 de mayo de 2020.<\/p>\n\n\n\n<p>En este evento, especialistas de todas partes del mundo podr\u00e1n intercambiar criterios y experiencias sobre temas actuales de la econom\u00eda, la contabilidad y la administraci\u00f3n, con elevado rigor cient\u00edfico;\ny desde una perspectiva del desarrollo. Ser\u00e1\nuna excelente oportunidad para establecer redes de colaboraci\u00f3n con la academia cubana,\npues estar\u00e1n presentes varias de las instituciones l\u00edderes\nen el \u00e1rea de las ciencias econ\u00f3micas, contables y de administraci\u00f3n\nde nuestro pa\u00eds.<\/p>\n\n\n\n<p><strong>Las \u00e1reas tem\u00e1ticas centrales para la presentaci\u00f3n de propuestas son:<\/strong><\/p>\n\n\n\n<ol class=\"wp-block-list\"><li>Pol\u00edticas p\u00fablicas y desarrollo en condiciones de globalizaci\u00f3n<\/li><li>Transformaci\u00f3n productiva y competitividad<\/li><li>Institucionalidad y pol\u00edticas macroecon\u00f3micas<\/li><li>Cadenas globales de valor, comercio internacional e integraci\u00f3n econ\u00f3mica<\/li><li>Inversi\u00f3n Extranjera y financiamiento externo<\/li><li>Interacci\u00f3n Universidad-Empresa<\/li><li>Pol\u00edtica social, equidad y desarrollo<\/li><li>Econom\u00eda ambiental y desarrollo sostenible<\/li><li>Emprendimiento e innovaci\u00f3n empresarial<\/li><li>Contabilidad, auditor\u00eda y administraci\u00f3n<\/li><\/ol>\n\n\n\n<p><strong>\u00bfC\u00d3MO PARTICIPAR?<\/strong><\/p>\n\n\n\n<p>Usted\npuede participar como ponente, acompa\u00f1ante o estudiante. En cualquiera de estas variantes, se recomienda\nseguir los siguientes pasos:<\/p>\n\n\n\n<p><strong>1ro<\/strong> Inscr\u00edbase enviando un correo\nelectr\u00f3nico a la direcci\u00f3n: congresoecad2020@fec.uh.cu proporcionando los siguientes\ndatos: Nombre y apellidos, Instituci\u00f3n a la que pertenece y modalidad de\nparticipaci\u00f3n.<\/p>\n\n\n\n<p><strong>2do <\/strong>Si usted desea participar como\nponente, debe adjuntar el resumen por esta v\u00eda.<\/p>\n\n\n\n<p>La <strong>inscripci\u00f3n de los res\u00famenes <\/strong>deber\u00e1 realizarse antes del d\u00eda <strong>15 de FEBRERO\nde 2020<\/strong>, cumpliendo las siguientes normas: M\u00e1ximo\n500 palabras. Idioma\ningl\u00e9s y espa\u00f1ol.\nIndicar la tem\u00e1tica\ndel trabajo,\nsus objetivos, la metodolog\u00eda utilizada (si resultara pertinente) y los\nprincipales resultados o conclusiones obtenidos. Incluir\nun listado de hasta cinco palabras clave.<\/p>\n\n\n\n<p>Los trabajos recibidos fuera de t\u00e9rmino\nNO SER\u00c1N CONSIDERADOS.<\/p>\n\n\n\n<p><strong>3ro <\/strong>El Comit\u00e9\nAcad\u00e9mico har\u00e1 una <strong>selecci\u00f3n\nde los trabajos presentados <\/strong>y comunicar\u00e1 su aceptaci\u00f3n o rechazo como ponencia por la v\u00eda del\ncorreo electr\u00f3nico antes del d\u00eda <strong>30 de marzo de<\/strong><strong> <\/strong><strong>2020.<\/strong><\/p>\n\n\n\n<p><strong>4to <\/strong>Gestione su viaje a La\u00a0Habana.<\/p>\n\n\n\n<p><strong>5to <\/strong>Realice el pago de la cuota\nde inscripci\u00f3n: <strong><\/strong><\/p>\n\n\n\n<figure class=\"wp-block-table\"><table class=\"\"><tbody><tr><td>\n  <strong>Modalidad<\/strong>\n  <\/td><td>\n  <strong>Nacionales (CUP)<\/strong>\n  <\/td><td>\n  <strong>Extranjeros (CUC)<\/strong>\n  <\/td><\/tr><tr><td>\n  Delegado Ponente\n  <\/td><td>\n  $50.00\n  <\/td><td>\n  $150.00\n  <\/td><\/tr><tr><td>\n  Delegado no ponente\n  <\/td><td>\n  &nbsp;\n  <\/td><td>\n  $75.00\n  <\/td><\/tr><tr><td>\n  Estudiantes\n  <\/td><td>\n  &nbsp;\n  <\/td><td>\n  $75.00\n  <\/td><\/tr><tr><td>\n  Acompa\u00f1antes\n  <\/td><td>\n  &nbsp;\n  <\/td><td>\n  $75.00\n  <\/td><\/tr><\/tbody><\/table><\/figure>\n\n\n\n<p>Incluye participaci\u00f3n en todas las actividades organizadas en el programa\ndel evento.<\/p>\n\n\n\n<p><strong>Cont\u00e1ctenos <\/strong>a trav\u00e9s de la direcci\u00f3n de correo electr\u00f3nico: <a href=\"mailto:congresoecad2020@fec.uh.cu\">congresoecad@fec.uh.cu<\/a> <\/p>\n\n\n\n<p><strong>Descarge la convocatoria aqu\u00ed:<\/strong><\/p>\n\n\n\n<div class=\"wp-block-file\"><a href=\"https:\/\/cebem.org\/wp-content\/uploads\/2020\/02\/CONVOCATORIA-SIMPOSIO-UNIV.HABANA.docx\">Documento 1<\/a><a href=\"https:\/\/cebem.org\/wp-content\/uploads\/2020\/02\/CONVOCATORIA-SIMPOSIO-UNIV.HABANA.docx\" class=\"wp-block-file__button\" download>Descarga<\/a><\/div>\n\n\n\n<div class=\"wp-block-file\"><a href=\"https:\/\/cebem.org\/wp-content\/uploads\/2020\/02\/1ra-Circular-ECAD-2020.docx\">Documento 2<\/a><a href=\"https:\/\/cebem.org\/wp-content\/uploads\/2020\/02\/1ra-Circular-ECAD-2020.docx\" class=\"wp-block-file__button\" download>Descarga<\/a><\/div>\n\n\n\n<p><\/p>\n","protected":false},"excerpt":{"rendered":"<p>En este evento, especialistas de todas partes del mundo podr\u00e1n intercambiar criterios y experiencias sobre temas actuales de la econom\u00eda, la contabilidad y la administraci\u00f3n, con elevado rigor cient\u00edfico.<\/p>\n","protected":false},"author":10,"featured_media":6741,"comment_status":"closed","ping_status":"closed","sticky":false,"template":"","format":"standard","meta":{"_jetpack_memberships_contains_paid_content":false,"footnotes":"","jetpack_publicize_message":"Todav\u00eda tienen tiempo hasta 15 de febrero para inscribirse al 4to #Congreso Internacional de #Econom\u00eda, Contabilidad y Administraci\u00f3n en la Universidad de la Habana","jetpack_publicize_feature_enabled":true,"jetpack_social_post_already_shared":true,"jetpack_social_options":{"image_generator_settings":{"template":"highway","default_image_id":0,"font":"","enabled":false},"version":2}},"categories":[8],"tags":[15,96,544],"class_list":["post-6740","post","type-post","status-publish","format-standard","has-post-thumbnail","hentry","category-convocatorias","tag-congreso","tag-economia","tag-habana","item-wrap"],"jetpack_publicize_connections":[],"jetpack_featured_media_url":"https:\/\/i0.wp.com\/cebem.org\/wp-content\/uploads\/2020\/02\/Capture-5.png?fit=527%2C228&ssl=1","jetpack_sharing_enabled":true,"_links":{"self":[{"href":"https:\/\/cebem.org\/index.php?rest_route=\/wp\/v2\/posts\/6740","targetHints":{"allow":["GET"]}}],"collection":[{"href":"https:\/\/cebem.org\/index.php?rest_route=\/wp\/v2\/posts"}],"about":[{"href":"https:\/\/cebem.org\/index.php?rest_route=\/wp\/v2\/types\/post"}],"author":[{"embeddable":true,"href":"https:\/\/cebem.org\/index.php?rest_route=\/wp\/v2\/users\/10"}],"replies":[{"embeddable":true,"href":"https:\/\/cebem.org\/index.php?rest_route=%2Fwp%2Fv2%2Fcomments&post=6740"}],"version-history":[{"count":2,"href":"https:\/\/cebem.org\/index.php?rest_route=\/wp\/v2\/posts\/6740\/revisions"}],"predecessor-version":[{"id":6745,"href":"https:\/\/cebem.org\/index.php?rest_route=\/wp\/v2\/posts\/6740\/revisions\/6745"}],"wp:featuredmedia":[{"embeddable":true,"href":"https:\/\/cebem.org\/index.php?rest_route=\/wp\/v2\/media\/6741"}],"wp:attachment":[{"href":"https:\/\/cebem.org\/index.php?rest_route=%2Fwp%2Fv2%2Fmedia&parent=6740"}],"wp:term":[{"taxonomy":"category","embeddable":true,"href":"https:\/\/cebem.org\/index.php?rest_route=%2Fwp%2Fv2%2Fcategories&post=6740"},{"taxonomy":"post_tag","embeddable":true,"href":"https:\/\/cebem.org\/index.php?rest_route=%2Fwp%2Fv2%2Ftags&post=6740"}],"curies":[{"name":"wp","href":"https:\/\/api.w.org\/{rel}","templated":true}]}}